{"id":349,"date":"2015-10-28T12:04:24","date_gmt":"2015-10-28T12:04:24","guid":{"rendered":"http:\/\/www.ppgbas.uema.br\/?p=349"},"modified":"2024-04-26T19:39:59","modified_gmt":"2024-04-26T19:39:59","slug":"discentes-e-docentes-do-ppgbas-participaram-da-semana-nacional-de-ciencia-e-tecnologia-2015","status":"publish","type":"post","link":"https:\/\/www.ppgbas.uema.br\/?p=349","title":{"rendered":"DISCENTES E DOCENTES DO PPGBAS PARTICIPARAM DA SEMANA NACIONAL DE CI\u00caNCIA E TECNOLOGIA 2015"},"content":{"rendered":"<h2 style=\"text-align: left;\">\u00a0 \u00a0 \u00a0Discentes e Docentes do Programa de P\u00f3s \u2013 Gradua\u00e7\u00e3o (stricto sensu) em Biodiversidade, Ambiente e Sa\u00fade-PPGBAS participaram da Semana Nacional de Ci\u00eancia e Tecnologia realizada nos dias 19 a 25 de Outubro de 2015 em Caxias-MA. A semana objetiva mobilizar a popula\u00e7\u00e3o, em especial crian\u00e7as e jovens, em torno de temas e atividades de ci\u00eancia e tecnologia, bem como estimular a educa\u00e7\u00e3o voltada para a ci\u00eancia. No evento o PPGBAS contou com um estande, oportunizando os mestrandos a exposi\u00e7\u00e3o de seus projetos desenvolvidos no Programa, bem como a divulga\u00e7\u00e3o da P\u00f3s &#8211; Gradua\u00e7\u00e3o no \u00e2mbito do CESC\/UEMA. Confira fotos na galeria.<\/h2>\n<p>&nbsp;<\/p>\n","protected":false},"excerpt":{"rendered":"<p>\u00a0 \u00a0 \u00a0Discentes e Docentes do Programa de P\u00f3s \u2013 Gradua\u00e7\u00e3o (stricto [&hellip;]<\/p>\n","protected":false},"author":2,"featured_media":0,"comment_status":"open","ping_status":"open","sticky":false,"template":"","format":"standard","meta":{"footnotes":""},"categories":[3],"tags":[],"class_list":["post-349","post","type-post","status-publish","format-standard","hentry","category-noticias"],"_links":{"self":[{"href":"https:\/\/www.ppgbas.uema.br\/index.php?rest_route=\/wp\/v2\/posts\/349","targetHints":{"allow":["GET"]}}],"collection":[{"href":"https:\/\/www.ppgbas.uema.br\/index.php?rest_route=\/wp\/v2\/posts"}],"about":[{"href":"https:\/\/www.ppgbas.uema.br\/index.php?rest_route=\/wp\/v2\/types\/post"}],"author":[{"embeddable":true,"href":"https:\/\/www.ppgbas.uema.br\/index.php?rest_route=\/wp\/v2\/users\/2"}],"replies":[{"embeddable":true,"href":"https:\/\/www.ppgbas.uema.br\/index.php?rest_route=%2Fwp%2Fv2%2Fcomments&post=349"}],"version-history":[{"count":3,"href":"https:\/\/www.ppgbas.uema.br\/index.php?rest_route=\/wp\/v2\/posts\/349\/revisions"}],"predecessor-version":[{"id":1784,"href":"https:\/\/www.ppgbas.uema.br\/index.php?rest_route=\/wp\/v2\/posts\/349\/revisions\/1784"}],"wp:attachment":[{"href":"https:\/\/www.ppgbas.uema.br\/index.php?rest_route=%2Fwp%2Fv2%2Fmedia&parent=349"}],"wp:term":[{"taxonomy":"category","embeddable":true,"href":"https:\/\/www.ppgbas.uema.br\/index.php?rest_route=%2Fwp%2Fv2%2Fcategories&post=349"},{"taxonomy":"post_tag","embeddable":true,"href":"https:\/\/www.ppgbas.uema.br\/index.php?rest_route=%2Fwp%2Fv2%2Ftags&post=349"}],"curies":[{"name":"wp","href":"https:\/\/api.w.org\/{rel}","templated":true}]}}