{"id":304,"date":"2015-06-24T18:40:05","date_gmt":"2015-06-24T18:40:05","guid":{"rendered":"http:\/\/www.ppgbas.uema.br\/?p=304"},"modified":"2015-08-21T11:59:03","modified_gmt":"2015-08-21T11:59:03","slug":"i-ciclo-de-palestras-do-ppgbas","status":"publish","type":"post","link":"https:\/\/www.ppgbas.uema.br\/?p=304","title":{"rendered":"I CICLO DE PALESTRAS DO PPGBAS"},"content":{"rendered":"<p style=\"text-align: center;\"><strong>CONVITE<\/strong><\/p>\n<p><strong>\u00a0<\/strong>O Programa de P\u00f3s-Gradua\u00e7\u00e3o em Biodiversidade, Ambiente e Sa\u00fade-PPGBAS convida a comunidade acad\u00eamica para <strong>participar de seu I Ciclo de Palestras<\/strong>, conforme o cronograma abaixo:<\/p>\n<table width=\"105%\">\n<tbody>\n<tr>\n<td width=\"25%\"><strong>PALESTRANTE<\/strong><\/td>\n<td width=\"34%\"><strong>T\u00cdTULO<\/strong><\/td>\n<td width=\"10%\"><strong>DATA<\/strong><\/td>\n<td width=\"11%\"><strong>HOR\u00c1RIO<\/strong><\/td>\n<td width=\"19%\"><strong>LOCAL<\/strong><\/td>\n<\/tr>\n<tr>\n<td width=\"25%\">Prof.\u00aa Dr.\u00aa Rubia Santos FonsecaDocente do CESC\/UEMA<\/td>\n<td width=\"34%\">A import\u00e2ncia da reprodu\u00e7\u00e3o das plantas na restaura\u00e7\u00e3o da biodiversidade em ecossistemas degradados<\/td>\n<td width=\"10%\">25\/06\/2015<\/td>\n<td width=\"11%\">8:30 hs<\/td>\n<td width=\"19%\">Sala C1 CESC\/UEMA<\/td>\n<\/tr>\n<tr>\n<td width=\"25%\">Prof.\u00aa Dr.\u00aa Joseneide Teixeira C\u00e2maraDocente do CESC\/UEMA<\/td>\n<td width=\"34%\">Preval\u00eancia de toxoplasmose em gestantes atendidas em dois Centros de Refer\u00eancia em Caxias &#8211; MA<\/td>\n<td width=\"10%\">25\/06\/2015<\/td>\n<td width=\"11%\">15:30 hs<\/td>\n<td width=\"19%\">Sala C1 CESC\/UEMA<\/td>\n<\/tr>\n<tr>\n<td width=\"25%\">Daniel Meira ArrudaDoutorando em Bot\u00e2nica da Universidade Federal de Vi\u00e7osa<\/td>\n<td width=\"34%\">Entendendo a distribui\u00e7\u00e3o das vegeta\u00e7\u00f5es do Brasil<\/td>\n<td width=\"10%\">26\/06\/2015<\/td>\n<td width=\"11%\">8:30 hs<\/td>\n<td width=\"19%\">Sala C1 CESC\/UEMA<\/td>\n<\/tr>\n<tr>\n<td width=\"25%\">Prof.\u00aa Dr.\u00aa Maria Edileuza Soares MouraDocente do CESC\/UEMA<\/td>\n<td width=\"34%\">Diversidade gen\u00e9tica e resist\u00eancia transmitida do HIV-1 aos antirretrovirais no estado do Maranh\u00e3o<\/td>\n<td width=\"10%\">26\/06\/2015<\/td>\n<td width=\"11%\">15:30 hs<\/td>\n<td width=\"19%\">Sala C1 CESC\/UEMA<\/td>\n<\/tr>\n<\/tbody>\n<\/table>\n<p>&nbsp;<\/p>\n<p>&nbsp;<\/p>\n","protected":false},"excerpt":{"rendered":"<p>CONVITE \u00a0O Programa de P\u00f3s-Gradua\u00e7\u00e3o em Biodiversidade, Ambiente e Sa\u00fade-PPGBAS convida a [&hellip;]<\/p>\n","protected":false},"author":2,"featured_media":0,"comment_status":"open","ping_status":"open","sticky":false,"template":"","format":"standard","meta":{"footnotes":""},"categories":[3],"tags":[],"class_list":["post-304","post","type-post","status-publish","format-standard","hentry","category-noticias"],"_links":{"self":[{"href":"https:\/\/www.ppgbas.uema.br\/index.php?rest_route=\/wp\/v2\/posts\/304","targetHints":{"allow":["GET"]}}],"collection":[{"href":"https:\/\/www.ppgbas.uema.br\/index.php?rest_route=\/wp\/v2\/posts"}],"about":[{"href":"https:\/\/www.ppgbas.uema.br\/index.php?rest_route=\/wp\/v2\/types\/post"}],"author":[{"embeddable":true,"href":"https:\/\/www.ppgbas.uema.br\/index.php?rest_route=\/wp\/v2\/users\/2"}],"replies":[{"embeddable":true,"href":"https:\/\/www.ppgbas.uema.br\/index.php?rest_route=%2Fwp%2Fv2%2Fcomments&post=304"}],"version-history":[{"count":2,"href":"https:\/\/www.ppgbas.uema.br\/index.php?rest_route=\/wp\/v2\/posts\/304\/revisions"}],"predecessor-version":[{"id":322,"href":"https:\/\/www.ppgbas.uema.br\/index.php?rest_route=\/wp\/v2\/posts\/304\/revisions\/322"}],"wp:attachment":[{"href":"https:\/\/www.ppgbas.uema.br\/index.php?rest_route=%2Fwp%2Fv2%2Fmedia&parent=304"}],"wp:term":[{"taxonomy":"category","embeddable":true,"href":"https:\/\/www.ppgbas.uema.br\/index.php?rest_route=%2Fwp%2Fv2%2Fcategories&post=304"},{"taxonomy":"post_tag","embeddable":true,"href":"https:\/\/www.ppgbas.uema.br\/index.php?rest_route=%2Fwp%2Fv2%2Ftags&post=304"}],"curies":[{"name":"wp","href":"https:\/\/api.w.org\/{rel}","templated":true}]}}