{"id":297,"date":"2015-06-08T20:15:58","date_gmt":"2015-06-08T20:15:58","guid":{"rendered":"http:\/\/www.ppgbas.uema.br\/?p=297"},"modified":"2024-04-26T19:33:37","modified_gmt":"2024-04-26T19:33:37","slug":"o-programa-de-pos-graduacao-em-biodiversidade-ambiente-e-saude-ppgbas-torna-publico-o-resultado-final-do-processo-de-selecao-e-admissao-ano-letivo-2015-referente-ao-edital-no-062015-ppgc","status":"publish","type":"post","link":"https:\/\/www.ppgbas.uema.br\/?p=297","title":{"rendered":"O PROGRAMA DE P\u00d3S-GRADUA\u00c7\u00c3O EM BIODIVERSIDADE, AMBIENTE E SA\u00daDE- PPGBAS TORNA P\u00daBLICO O RESULTADO FINAL DO PROCESSO DE SELE\u00c7\u00c3O E ADMISS\u00c3O \u2013 ANO LETIVO 2015 REFERENTE AO EDITAL N\u00ba 06\/2015-PPG\/CPG\/UEMA"},"content":{"rendered":"<p><strong>RESULTADO FINAL DO PROCESSO SELETIVO PARA INGRESSO NO CURSO DE MESTRADO DO PROGRAMA DE P\u00d3S-GRADUA\u00c7\u00c3O EM BIODIVERSIDADE, AMBIENTE E SA\u00daDE DO CENTRO DE ESTUDOS SUPERIORES DE CAXIAS DA UNIVERSIDADE ESTADUAL DO MARANH\u00c3O\/PPGBAS\/CESC\/UEMA, EDITAL N\u00ba 06\/2014-PPG\/CPG\/UEMA<\/strong><\/p>\n<p>&nbsp;<\/p>\n<p style=\"text-align: center;\"><strong>\u00a0<\/strong><strong>APROVADOS CLASSIFICADOS<\/strong><\/p>\n<p><strong>\u00a0<\/strong><\/p>\n<table style=\"height: 658px;\" width=\"648\">\n<tbody>\n<tr>\n<td width=\"130\"><strong>N\u00ba INSCRI\u00c7\u00c3O<\/strong><\/td>\n<td width=\"284\"><strong>NOME DO CANDIDADTO<\/strong><\/td>\n<td width=\"236\"><strong>ORDEM DE CLASSIFICA\u00c7\u00c3O<\/strong><\/td>\n<\/tr>\n<tr>\n<td width=\"130\">20<\/td>\n<td width=\"284\">Jairina Nunes Chaves<\/td>\n<td width=\"236\">1\u00ba<\/td>\n<\/tr>\n<tr>\n<td width=\"130\">03<\/td>\n<td width=\"284\">Juliete Lima Viana<\/td>\n<td width=\"236\">2\u00ba<\/td>\n<\/tr>\n<tr>\n<td width=\"130\">21<\/td>\n<td width=\"284\">Tharliane Silva Chaves<\/td>\n<td width=\"236\">3\u00ba<\/td>\n<\/tr>\n<tr>\n<td width=\"130\">51<\/td>\n<td width=\"284\">Renato Correa Lima<\/td>\n<td width=\"236\">4\u00ba<\/td>\n<\/tr>\n<tr>\n<td width=\"130\">32<\/td>\n<td width=\"284\">Ros\u00e2ngela Nunes Almeida da Silva<\/td>\n<td width=\"236\">5\u00ba<\/td>\n<\/tr>\n<tr>\n<td width=\"130\">34<\/td>\n<td width=\"284\">LuannaLayla Mendes Santos<\/td>\n<td width=\"236\">6\u00ba<\/td>\n<\/tr>\n<tr>\n<td width=\"130\">09<\/td>\n<td width=\"284\">Katione Val\u00e9ria Amorim de Sousa Cardoso<\/td>\n<td width=\"236\">7\u00ba<\/td>\n<\/tr>\n<tr>\n<td width=\"130\">05<\/td>\n<td width=\"284\">Daniel Silas Veras Santos<\/td>\n<td width=\"236\">8\u00ba<\/td>\n<\/tr>\n<tr>\n<td width=\"130\">74<\/td>\n<td width=\"284\">Regigl\u00e1ucia Rodrigues de Oliveira<\/td>\n<td width=\"236\">9\u00ba<\/td>\n<\/tr>\n<tr>\n<td width=\"130\">02<\/td>\n<td width=\"284\">Aylane Tamara dos Santos Andrade<\/td>\n<td width=\"236\">10\u00ba<\/td>\n<\/tr>\n<tr>\n<td width=\"130\">14<\/td>\n<td width=\"284\">Maria Lindalva Alves da Silva<\/td>\n<td width=\"236\">11\u00ba<\/td>\n<\/tr>\n<tr>\n<td width=\"130\">38<\/td>\n<td width=\"284\">Luciana da Silva Santos<\/td>\n<td width=\"236\">12\u00ba<\/td>\n<\/tr>\n<tr>\n<td width=\"130\">30<\/td>\n<td width=\"284\">Filipe Bezerra Costa<\/td>\n<td width=\"236\">13\u00ba<\/td>\n<\/tr>\n<tr>\n<td width=\"130\">43<\/td>\n<td width=\"284\">Daniel Limeira Filho<\/td>\n<td width=\"236\">14\u00ba<\/td>\n<\/tr>\n<tr>\n<td width=\"130\">31<\/td>\n<td width=\"284\">Ant\u00f4nio Jorge Santos Filho<\/td>\n<td width=\"236\">15\u00ba<\/td>\n<\/tr>\n<\/tbody>\n<\/table>\n<p><strong>\u00a0<\/strong><\/p>\n<p style=\"text-align: center;\"><strong>APROVADOS EXCEDENTES<\/strong><\/p>\n<p><em><strong>\u00a0<\/strong><\/em><\/p>\n<table width=\"631\">\n<tbody>\n<tr>\n<td width=\"130\"><strong>N\u00ba INSCRI\u00c7\u00c3O<\/strong><\/td>\n<td width=\"255\"><strong>NOME DO CANDIDADTO<\/strong><\/td>\n<td width=\"246\"><strong>ORDEM DE CLASSIFICA\u00c7\u00c3O<\/strong><\/td>\n<\/tr>\n<tr>\n<td width=\"130\">01<\/td>\n<td width=\"255\">Ana Alice T\u00f4rres de Sousa<\/td>\n<td width=\"246\">16\u00ba<\/td>\n<\/tr>\n<tr>\n<td width=\"130\">56<\/td>\n<td width=\"255\">Silmara Gomes Queir\u00f3s<\/td>\n<td width=\"246\">17\u00ba<\/td>\n<\/tr>\n<tr>\n<td width=\"130\">66<\/td>\n<td width=\"255\">C\u00edcero Quirino da Silva Neto<\/td>\n<td width=\"246\">18\u00ba<\/td>\n<\/tr>\n<tr>\n<td width=\"130\">16<\/td>\n<td width=\"255\">Alberico Alves dos Santos<\/td>\n<td width=\"246\">19\u00ba<\/td>\n<\/tr>\n<tr>\n<td width=\"130\">12<\/td>\n<td width=\"255\">Francisca J\u00e9ssica Lima dos Santos<\/td>\n<td width=\"246\">20\u00b0<\/td>\n<\/tr>\n<tr>\n<td width=\"130\">45<\/td>\n<td width=\"255\">Francisca Paula Cardoso Carvalho<\/td>\n<td width=\"246\">21\u00b0<\/td>\n<\/tr>\n<tr>\n<td width=\"130\">67<\/td>\n<td width=\"255\">Sebastiana Raquel de Sousa<\/td>\n<td width=\"246\">22\u00ba<\/td>\n<\/tr>\n<tr>\n<td width=\"130\">22<\/td>\n<td width=\"255\">Dheymi Wilma Ramos Silva<\/td>\n<td width=\"246\">23\u00b0<\/td>\n<\/tr>\n<tr>\n<td width=\"130\">25<\/td>\n<td width=\"255\">Derise de Assun\u00e7\u00e3o Barbosa<\/td>\n<td width=\"246\">24\u00b0<\/td>\n<\/tr>\n<tr>\n<td width=\"130\">24<\/td>\n<td width=\"255\">Elizangela de Moura da Silva<\/td>\n<td width=\"246\">25\u00ba<\/td>\n<\/tr>\n<tr>\n<td width=\"130\">68<\/td>\n<td width=\"255\">Anna Kelly Martins Lima<\/td>\n<td width=\"246\">26\u00ba<\/td>\n<\/tr>\n<tr>\n<td width=\"130\">04<\/td>\n<td width=\"255\">Maxcilene da Silva de Oliveira<\/td>\n<td width=\"246\">27\u00b0<\/td>\n<\/tr>\n<tr>\n<td width=\"130\">50<\/td>\n<td width=\"255\">Andressa Arraes Silva<\/td>\n<td width=\"246\">28\u00b0<\/td>\n<\/tr>\n<tr>\n<td width=\"130\">79<\/td>\n<td width=\"255\">Ana Paula Soares e Silva<\/td>\n<td width=\"246\">29\u00b0<\/td>\n<\/tr>\n<tr>\n<td width=\"130\">11<\/td>\n<td width=\"255\">St\u00eanioRaniery de Sousa Nascimento<\/td>\n<td width=\"246\">30\u00b0<\/td>\n<\/tr>\n<tr>\n<td width=\"130\">44<\/td>\n<td width=\"255\">Guilherme Santana Lustosa<\/td>\n<td width=\"246\">31\u00b0<\/td>\n<\/tr>\n<tr>\n<td width=\"130\">62<\/td>\n<td width=\"255\">Dainesy Santos Martins<\/td>\n<td width=\"246\">32\u00b0<\/td>\n<\/tr>\n<tr>\n<td width=\"130\">29<\/td>\n<td width=\"255\">Larissa Maria Fernandes Morais<\/td>\n<td width=\"246\">33\u00b0<\/td>\n<\/tr>\n<tr>\n<td width=\"130\">73<\/td>\n<td width=\"255\">Adriana Torres dos Santos<\/td>\n<td width=\"246\">34\u00b0<\/td>\n<\/tr>\n<tr>\n<td width=\"130\">15<\/td>\n<td width=\"255\">Tamires de Sousa Silva<\/td>\n<td width=\"246\">35\u00b0<\/td>\n<\/tr>\n<tr>\n<td width=\"130\">08<\/td>\n<td width=\"255\">Hernando Henrique Batista Leite<\/td>\n<td width=\"246\">36\u00b0<\/td>\n<\/tr>\n<tr>\n<td width=\"130\">36<\/td>\n<td width=\"255\">Francisco Hem\u00eddio Gomes Rodrigues<\/td>\n<td width=\"246\">37\u00b0<\/td>\n<\/tr>\n<tr>\n<td width=\"130\">61<\/td>\n<td width=\"255\">Andreia Nascimento Carvalho<\/td>\n<td width=\"246\">38\u00b0<\/td>\n<\/tr>\n<tr>\n<td width=\"130\">39<\/td>\n<td width=\"255\">Luciane Gomes da Silva<\/td>\n<td width=\"246\">39\u00b0<\/td>\n<\/tr>\n<tr>\n<td width=\"130\">42<\/td>\n<td width=\"255\">Sulamita Pereira Guimar\u00e3es<\/td>\n<td width=\"246\">40\u00b0<\/td>\n<\/tr>\n<tr>\n<td width=\"130\">80<\/td>\n<td width=\"255\">Neusenildes Sena de Oliveira Chaves<\/td>\n<td width=\"246\">41\u00b0<\/td>\n<\/tr>\n<tr>\n<td width=\"130\">58<\/td>\n<td width=\"255\">AlysonPaulynelli Camilo da Silva<\/td>\n<td width=\"246\">42\u00ba<\/td>\n<\/tr>\n<\/tbody>\n<\/table>\n<p><strong>\u00a0<\/strong><\/p>\n<p style=\"text-align: center;\"><strong>\u00a0<\/strong>Caxias\/MA, 08 de junho de 2015<\/p>\n<p>&nbsp;<\/p>\n","protected":false},"excerpt":{"rendered":"<p>RESULTADO FINAL DO PROCESSO SELETIVO PARA INGRESSO NO CURSO DE MESTRADO DO [&hellip;]<\/p>\n","protected":false},"author":2,"featured_media":0,"comment_status":"open","ping_status":"open","sticky":false,"template":"","format":"standard","meta":{"footnotes":""},"categories":[3],"tags":[],"class_list":["post-297","post","type-post","status-publish","format-standard","hentry","category-noticias"],"_links":{"self":[{"href":"https:\/\/www.ppgbas.uema.br\/index.php?rest_route=\/wp\/v2\/posts\/297","targetHints":{"allow":["GET"]}}],"collection":[{"href":"https:\/\/www.ppgbas.uema.br\/index.php?rest_route=\/wp\/v2\/posts"}],"about":[{"href":"https:\/\/www.ppgbas.uema.br\/index.php?rest_route=\/wp\/v2\/types\/post"}],"author":[{"embeddable":true,"href":"https:\/\/www.ppgbas.uema.br\/index.php?rest_route=\/wp\/v2\/users\/2"}],"replies":[{"embeddable":true,"href":"https:\/\/www.ppgbas.uema.br\/index.php?rest_route=%2Fwp%2Fv2%2Fcomments&post=297"}],"version-history":[{"count":6,"href":"https:\/\/www.ppgbas.uema.br\/index.php?rest_route=\/wp\/v2\/posts\/297\/revisions"}],"predecessor-version":[{"id":1778,"href":"https:\/\/www.ppgbas.uema.br\/index.php?rest_route=\/wp\/v2\/posts\/297\/revisions\/1778"}],"wp:attachment":[{"href":"https:\/\/www.ppgbas.uema.br\/index.php?rest_route=%2Fwp%2Fv2%2Fmedia&parent=297"}],"wp:term":[{"taxonomy":"category","embeddable":true,"href":"https:\/\/www.ppgbas.uema.br\/index.php?rest_route=%2Fwp%2Fv2%2Fcategories&post=297"},{"taxonomy":"post_tag","embeddable":true,"href":"https:\/\/www.ppgbas.uema.br\/index.php?rest_route=%2Fwp%2Fv2%2Ftags&post=297"}],"curies":[{"name":"wp","href":"https:\/\/api.w.org\/{rel}","templated":true}]}}