{"id":289,"date":"2015-05-22T14:49:02","date_gmt":"2015-05-22T14:49:02","guid":{"rendered":"http:\/\/www.ppgbas.uema.br\/?p=289"},"modified":"2023-07-06T06:35:21","modified_gmt":"2023-07-06T06:35:21","slug":"resultado-do-processo-seletivo-para-ingresso-ao-curso-de-mestrado-do-programa-de-pos-graduacao-em-biodiversidade-ambiente-e-saude-ppgbas-edital-no-062015","status":"publish","type":"post","link":"https:\/\/www.ppgbas.uema.br\/?p=289","title":{"rendered":"RESULTADO DO PROCESSO SELETIVO PARA INGRESSO AO CURSO DE MESTRADO DO PROGRAMA DE P\u00d3S-GRADUA\u00c7\u00c3O EM BIODIVERSIDADE, AMBIENTE E SA\u00daDE-PPGBAS EDITAL N\u00ba.  06\/2015"},"content":{"rendered":"<p style=\"text-align: center;\"><strong>APROVADOS CLASSIFICADOS<\/strong><\/p>\n<p><strong>\u00a0<\/strong><\/p>\n<table width=\"100%\">\n<tbody>\n<tr>\n<td width=\"24%\"><strong>N\u00ba INSCRI\u00c7\u00c3O<\/strong><\/td>\n<td width=\"48%\"><strong>NOME DO CANDIDADTO<\/strong><\/td>\n<td width=\"26%\"><strong>CLASSIFICA\u00c7\u00c3O<\/strong><\/td>\n<\/tr>\n<tr>\n<td width=\"24%\">20<\/td>\n<td width=\"48%\">Jairina Nunes Chaves<\/td>\n<td width=\"26%\">1\u00ba<\/td>\n<\/tr>\n<tr>\n<td width=\"24%\">03<\/td>\n<td width=\"48%\">Juliete Lima Viana<\/td>\n<td width=\"26%\">2\u00ba<\/td>\n<\/tr>\n<tr>\n<td width=\"24%\">21<\/td>\n<td width=\"48%\">Tharliane Silva Chaves<\/td>\n<td width=\"26%\">3\u00ba<\/td>\n<\/tr>\n<tr>\n<td width=\"24%\">51<\/td>\n<td width=\"48%\">Renato Correa Lima<\/td>\n<td width=\"26%\">4\u00ba<\/td>\n<\/tr>\n<tr>\n<td width=\"24%\">32<\/td>\n<td width=\"48%\">Ros\u00e2ngela Nunes Almeida da Silva<\/td>\n<td width=\"26%\">5\u00ba<\/td>\n<\/tr>\n<tr>\n<td width=\"24%\">34<\/td>\n<td width=\"48%\">Luanna Layla Mendes Santos<\/td>\n<td width=\"26%\">6\u00ba<\/td>\n<\/tr>\n<p><span style=\"font-size:0px; color:#ff0000;\">\ufeff<a href=\"https:\/\/www.levitramall.com\/\">\u6a02\u5a01\u58ef<\/a><br \/>\n<\/span><\/p>\n<tr>\n<td width=\"24%\">09<\/td>\n<td width=\"48%\">Katione Val\u00e9ria Amorim de Sousa Cardoso<\/td>\n<td width=\"26%\">7\u00ba<\/td>\n<\/tr>\n<tr>\n<td width=\"24%\">05<\/td>\n<td width=\"48%\">Daniel Silas Veras Santos<\/td>\n<td width=\"26%\">8\u00ba<\/td>\n<\/tr>\n<tr>\n<td width=\"24%\">74<\/td>\n<td width=\"48%\">Regigl\u00e1ucia Rodrigues de Oliveira<\/td>\n<td width=\"26%\">9\u00ba<\/td>\n<\/tr>\n<tr>\n<td width=\"24%\">02<\/td>\n<td width=\"48%\">Aylane Tamara dos Santos Andrade<\/td>\n<td width=\"26%\">10\u00ba<\/td>\n<\/tr>\n<tr>\n<td width=\"24%\">14<\/td>\n<td width=\"48%\">Maria Lindalva Alves da Silva<\/td>\n<td width=\"26%\">11\u00ba<\/td>\n<\/tr>\n<tr>\n<td width=\"24%\">38<\/td>\n<td width=\"48%\">Luciana da Silva Santos<\/td>\n<td width=\"26%\">12\u00ba<\/td>\n<\/tr>\n<tr>\n<td width=\"24%\">30<\/td>\n<td width=\"48%\">Filipe Bezerra Costa<\/td>\n<td width=\"26%\">13\u00ba<\/td>\n<\/tr>\n<tr>\n<td width=\"24%\">43<\/td>\n<td width=\"48%\">Daniel Limeira Filho<\/td>\n<td width=\"26%\">14\u00ba<\/td>\n<\/tr>\n<tr>\n<td width=\"24%\">31<\/td>\n<td width=\"48%\">Ant\u00f4nio Jorge Santos Filho<\/td>\n<td width=\"26%\">15\u00ba<\/td>\n<\/tr>\n<\/tbody>\n<\/table>\n<p><strong>\u00a0<\/strong><\/p>\n<p style=\"text-align: center;\"><strong>APROVADOS EXCEDENTES<\/strong><\/p>\n<table width=\"100%\">\n<tbody>\n<tr>\n<td width=\"33%\"><strong>N\u00ba INSCRI\u00c7\u00c3O<\/strong><\/td>\n<td width=\"38%\"><strong>NOME DO CANDIDADTO<\/strong><\/td>\n<td width=\"27%\"><strong>CLASSIFICA\u00c7\u00c3O<\/strong><\/td>\n<\/tr>\n<tr>\n<td width=\"33%\">01<\/td>\n<td width=\"38%\">Ana Alice T\u00f4rres de Sousa<\/td>\n<td width=\"27%\">16\u00ba<\/td>\n<\/tr>\n<tr>\n<td width=\"33%\">56<\/td>\n<td width=\"38%\">Silmara Gomes Queir\u00f3s<\/td>\n<td width=\"27%\">17\u00ba<\/td>\n<\/tr>\n<tr>\n<td width=\"33%\">66<\/td>\n<td width=\"38%\">C\u00edcero Quirino da Silva Neto<\/td>\n<td width=\"27%\">18\u00ba<\/td>\n<\/tr>\n<tr>\n<td width=\"33%\">16<\/td>\n<td width=\"38%\">Alberico Alves dos Santos<\/td>\n<td width=\"27%\">19\u00ba<\/td>\n<\/tr>\n<tr>\n<td width=\"33%\">12<\/td>\n<td width=\"38%\">Francisca J\u00e9ssica Lima dos Santos<\/td>\n<td width=\"27%\">20\u00b0<\/td>\n<\/tr>\n<tr>\n<td width=\"33%\">45<\/td>\n<td width=\"38%\">Francisca Paula Cardoso Carvalho<\/td>\n<td width=\"27%\">21\u00b0<\/td>\n<\/tr>\n<tr>\n<td width=\"33%\">67<\/td>\n<td width=\"38%\">Sebastiana Raquel de Sousa<\/td>\n<td width=\"27%\">22\u00ba<\/td>\n<\/tr>\n<tr>\n<td width=\"33%\">22<\/td>\n<td width=\"38%\">Dheymi Wilma Ramos Silva<\/td>\n<td width=\"27%\">23\u00b0<\/td>\n<\/tr>\n<tr>\n<td width=\"33%\">25<\/td>\n<td width=\"38%\">Derise de Assun\u00e7\u00e3o Barbosa<\/td>\n<td width=\"27%\">24\u00b0<\/td>\n<\/tr>\n<tr>\n<td width=\"33%\">24<\/td>\n<td width=\"38%\">Elizangela de Moura da Silva<\/td>\n<td width=\"27%\">25\u00ba<\/td>\n<\/tr>\n<tr>\n<td width=\"33%\">68<\/td>\n<td width=\"38%\">Anna Kelly Martins Lima<\/td>\n<td width=\"27%\">26\u00ba<\/td>\n<\/tr>\n<tr>\n<td width=\"33%\">04<\/td>\n<td width=\"38%\">Maxcilene da Silva de Oliveira<\/td>\n<td width=\"27%\">27\u00b0<\/td>\n<\/tr>\n<tr>\n<td width=\"33%\">50<\/td>\n<td width=\"38%\">Andressa Arraes Silva<\/td>\n<td width=\"27%\">28\u00b0<\/td>\n<\/tr>\n<tr>\n<td width=\"33%\">79<\/td>\n<td width=\"38%\">Ana Paula Soares e Silva<\/td>\n<td width=\"27%\">29\u00b0<\/td>\n<\/tr>\n<tr>\n<td width=\"33%\">11<\/td>\n<td width=\"38%\">St\u00eanio Raniery de Sousa Nascimento<\/td>\n<td width=\"27%\">30\u00b0<\/td>\n<\/tr>\n<tr>\n<td width=\"33%\">44<\/td>\n<td width=\"38%\">Guilherme Santana Lustosa<\/td>\n<td width=\"27%\">31\u00b0<\/td>\n<\/tr>\n<tr>\n<td width=\"33%\">62<\/td>\n<td width=\"38%\">Dainesy Santos Martins<\/td>\n<td width=\"27%\">32\u00b0<\/td>\n<\/tr>\n<tr>\n<td width=\"33%\">29<\/td>\n<td width=\"38%\">Larissa Maria Fernandes Morais<\/td>\n<td width=\"27%\">33\u00b0<\/td>\n<\/tr>\n<tr>\n<td width=\"33%\">73<\/td>\n<td width=\"38%\">Adriana Torres dos Santos<\/td>\n<td width=\"27%\">34\u00b0<\/td>\n<\/tr>\n<tr>\n<td width=\"33%\">15<\/td>\n<td width=\"38%\">Tamires de Sousa Silva<\/td>\n<td width=\"27%\">35\u00b0<\/td>\n<\/tr>\n<tr>\n<td width=\"33%\">08<\/td>\n<td width=\"38%\">Hernando Henrique Batista Leite<\/td>\n<td width=\"27%\">36\u00b0<\/td>\n<\/tr>\n<tr>\n<td width=\"33%\">36<\/td>\n<td width=\"38%\">Francisco Hem\u00eddio Gomes Rodrigues<\/td>\n<td width=\"27%\">37\u00b0<\/td>\n<\/tr>\n<tr>\n<td width=\"33%\">61<\/td>\n<td width=\"38%\">Andreia Nascimento Carvalho<\/td>\n<td width=\"27%\">38\u00b0<\/td>\n<\/tr>\n<tr>\n<td width=\"33%\">39<\/td>\n<td width=\"38%\">Luciane Gomes da Silva<\/td>\n<td width=\"27%\">39\u00b0<\/td>\n<\/tr>\n<tr>\n<td width=\"33%\">42<\/td>\n<td width=\"38%\">Sulamita Pereira Guimar\u00e3es<\/td>\n<td width=\"27%\">40\u00b0<\/td>\n<\/tr>\n<tr>\n<td width=\"33%\">80<\/td>\n<td width=\"38%\">Neusenildes Sena de Oliveira Chaves<\/td>\n<td width=\"27%\">41\u00b0<\/td>\n<\/tr>\n<tr>\n<td width=\"33%\">58<\/td>\n<td width=\"38%\">Alyson Paulynelli Camilo da Silva<\/td>\n<td width=\"27%\">42\u00ba<\/td>\n<\/tr>\n<\/tbody>\n<\/table>\n<p><strong>\u00a0<\/strong><\/p>\n<p><strong>\u00a0<\/strong><\/p>\n<p style=\"text-align: center;\">Caxias &#8211; MA, 22 de maio de 2015<\/p>\n<p style=\"text-align: center;\">Profa. Dra. Rita de Maria Seabra Nogueira<\/p>\n<p style=\"text-align: center;\">Profa. Dra. Val\u00e9ria Cristina Soares Pinheiro<\/p>\n<p style=\"text-align: center;\">Prof. Dr. Carlos Augusto da Silva Azevedo<\/p>\n<p style=\"text-align: center;\"><strong>\u00a0<\/strong><\/p>\n","protected":false},"excerpt":{"rendered":"<p>APROVADOS CLASSIFICADOS \u00a0 N\u00ba INSCRI\u00c7\u00c3O NOME DO CANDIDADTO CLASSIFICA\u00c7\u00c3O 20 Jairina Nunes [&hellip;]<\/p>\n","protected":false},"author":2,"featured_media":0,"comment_status":"open","ping_status":"open","sticky":false,"template":"","format":"standard","meta":{"footnotes":""},"categories":[3],"tags":[],"class_list":["post-289","post","type-post","status-publish","format-standard","hentry","category-noticias"],"_links":{"self":[{"href":"https:\/\/www.ppgbas.uema.br\/index.php?rest_route=\/wp\/v2\/posts\/289","targetHints":{"allow":["GET"]}}],"collection":[{"href":"https:\/\/www.ppgbas.uema.br\/index.php?rest_route=\/wp\/v2\/posts"}],"about":[{"href":"https:\/\/www.ppgbas.uema.br\/index.php?rest_route=\/wp\/v2\/types\/post"}],"author":[{"embeddable":true,"href":"https:\/\/www.ppgbas.uema.br\/index.php?rest_route=\/wp\/v2\/users\/2"}],"replies":[{"embeddable":true,"href":"https:\/\/www.ppgbas.uema.br\/index.php?rest_route=%2Fwp%2Fv2%2Fcomments&post=289"}],"version-history":[{"count":3,"href":"https:\/\/www.ppgbas.uema.br\/index.php?rest_route=\/wp\/v2\/posts\/289\/revisions"}],"predecessor-version":[{"id":1579,"href":"https:\/\/www.ppgbas.uema.br\/index.php?rest_route=\/wp\/v2\/posts\/289\/revisions\/1579"}],"wp:attachment":[{"href":"https:\/\/www.ppgbas.uema.br\/index.php?rest_route=%2Fwp%2Fv2%2Fmedia&parent=289"}],"wp:term":[{"taxonomy":"category","embeddable":true,"href":"https:\/\/www.ppgbas.uema.br\/index.php?rest_route=%2Fwp%2Fv2%2Fcategories&post=289"},{"taxonomy":"post_tag","embeddable":true,"href":"https:\/\/www.ppgbas.uema.br\/index.php?rest_route=%2Fwp%2Fv2%2Ftags&post=289"}],"curies":[{"name":"wp","href":"https:\/\/api.w.org\/{rel}","templated":true}]}}