{"id":273,"date":"2015-05-07T20:41:47","date_gmt":"2015-05-07T20:41:47","guid":{"rendered":"http:\/\/www.ppgbas.uema.br\/?p=273"},"modified":"2024-04-26T19:46:07","modified_gmt":"2024-04-26T19:46:07","slug":"homologacao-das-inscricoes","status":"publish","type":"post","link":"https:\/\/www.ppgbas.uema.br\/?p=273","title":{"rendered":"HOMOLOGA\u00c7\u00c3O DAS INSCRI\u00c7\u00d5ES"},"content":{"rendered":"<p style=\"text-align: center;\"><strong>\u00a0<\/strong><strong>PROGRAMA DE P\u00d3S-GRADUA\u00c7\u00c3O EM BIODIVERSIDADE, AMBIENTE E SA\u00daDE-PPGBAS<\/strong><\/p>\n<p style=\"text-align: center;\"><strong>COMISS\u00c3O DE SELE\u00c7\u00c3O DE CANDIDATOS AO MESTRADO<\/strong><\/p>\n<p style=\"text-align: center;\"><strong>EDITAL N\u00ba. 06\/2015 <\/strong>\u2013 <strong>PPG\/CPG\/UEMA<\/strong><\/p>\n<p style=\"text-align: center;\"><strong>\u00a0<\/strong><\/p>\n<p style=\"text-align: center;\"><strong>INSCRI\u00c7\u00d5ES DOS CANDIDATOS AO MESTRADO \u2013 ANO 2015<\/strong><\/p>\n<p style=\"text-align: center;\"><strong>HOMOLOGADO<\/strong><\/p>\n<table width=\"100%\">\n<tbody>\n<tr>\n<td width=\"24%\"><strong>N\u00ba INSCRI\u00c7\u00c3O<\/strong><\/td>\n<td width=\"75%\"><strong>NOME DO CANDIDADTO<\/strong><\/td>\n<\/tr>\n<tr>\n<td width=\"24%\">01<\/td>\n<td width=\"75%\">Ana Alice T\u00f4rres de Sousa<\/td>\n<\/tr>\n<tr>\n<td width=\"24%\">02<\/td>\n<td width=\"75%\">Aylane Tamara dos Santos Andrade<\/td>\n<\/tr>\n<tr>\n<td width=\"24%\">03<\/td>\n<td width=\"75%\">Juliete Lima Viana<\/td>\n<\/tr>\n<tr>\n<td width=\"24%\">04<\/td>\n<td width=\"75%\">Maxcilene da Silva de Oliveira<\/td>\n<\/tr>\n<tr>\n<td width=\"24%\">05<\/td>\n<td width=\"75%\">Daniel Silas Veras Santos<\/td>\n<\/tr>\n<tr>\n<td width=\"24%\">06<\/td>\n<td width=\"75%\">Jansycleid Pereira Gon\u00e7alves<\/td>\n<\/tr>\n<tr>\n<td width=\"24%\">07<\/td>\n<td width=\"75%\">Valqu\u00edria Borges da Silva<\/td>\n<\/tr>\n<tr>\n<td width=\"24%\">08<\/td>\n<td width=\"75%\">Hernando Henrique Batista Leite<\/td>\n<\/tr>\n<tr>\n<td width=\"24%\">09<\/td>\n<td width=\"75%\">Katione Val\u00e9ria Amorim de Sousa Cardoso<\/td>\n<\/tr>\n<tr>\n<td width=\"24%\">10<\/td>\n<td width=\"75%\">Diego Costa de Sousa<\/td>\n<\/tr>\n<tr>\n<td width=\"24%\">11<\/td>\n<td width=\"75%\">St\u00eanio Raniery de Sousa Nascimento<\/td>\n<\/tr>\n<tr>\n<td width=\"24%\">12<\/td>\n<td width=\"75%\">Francisca J\u00e9ssica Lima dos Santos<\/td>\n<\/tr>\n<tr>\n<td width=\"24%\">13<\/td>\n<td width=\"75%\">Laiana Magalhaes de Oliveira<\/td>\n<\/tr>\n<tr>\n<td width=\"24%\">14<\/td>\n<td width=\"75%\">Maria Lindalva Alves da Silva<\/td>\n<\/tr>\n<tr>\n<td width=\"24%\">15<\/td>\n<td width=\"75%\">Tamires de Sousa Silva<\/td>\n<\/tr>\n<tr>\n<td width=\"24%\">16<\/td>\n<td width=\"75%\">Alberico Alves dos Santos<\/td>\n<\/tr>\n<tr>\n<td width=\"24%\">17<\/td>\n<td width=\"75%\">L\u00eada Maria de Sousa Rodrigues<\/td>\n<\/tr>\n<tr>\n<td width=\"24%\">18<\/td>\n<td width=\"75%\">Joselma Coutinho Lopes Farias<\/td>\n<\/tr>\n<tr>\n<td width=\"24%\">19<\/td>\n<td width=\"75%\">Cyntia Suzanne de Sousa Santos<\/td>\n<\/tr>\n<tr>\n<td width=\"24%\">20<\/td>\n<td width=\"75%\">Jairina Nunes Chaves<\/td>\n<\/tr>\n<tr>\n<td width=\"24%\">21<\/td>\n<td width=\"75%\">Tharliane Silva Chaves<\/td>\n<\/tr>\n<tr>\n<td width=\"24%\">22<\/td>\n<td width=\"75%\">Dheymi Wilma Ramos Silva<\/td>\n<\/tr>\n<tr>\n<td width=\"24%\">23<\/td>\n<td width=\"75%\">Jess\u00e9 Pereira Rodrigues<\/td>\n<\/tr>\n<tr>\n<td width=\"24%\">24<\/td>\n<td width=\"75%\">Elizangela de Moura da Silva<\/td>\n<\/tr>\n<tr>\n<td width=\"24%\">25<\/td>\n<td width=\"75%\">Derise de Assun\u00e7\u00e3o Barbosa<\/td>\n<\/tr>\n<tr>\n<td width=\"24%\">26<\/td>\n<td width=\"75%\">Jucilene M\u00e1rcia Rameiro de Ara\u00fajo Cruz<\/td>\n<\/tr>\n<tr>\n<td width=\"24%\">27<\/td>\n<td width=\"75%\">Jorge de Ara\u00fajo Oliveira<\/td>\n<\/tr>\n<tr>\n<td width=\"24%\">28<\/td>\n<td width=\"75%\">Jos\u00e9 M\u00e1rio Lima Coutinho<\/td>\n<\/tr>\n<tr>\n<td width=\"24%\">29<\/td>\n<td width=\"75%\">Larissa Maria Fernandes Morais<\/td>\n<\/tr>\n<tr>\n<td width=\"24%\">30<\/td>\n<td width=\"75%\">Felipe Bezerra Costa<\/td>\n<\/tr>\n<tr>\n<td width=\"24%\">31<\/td>\n<td width=\"75%\">Ant\u00f4nio Jorge Santos Filho<\/td>\n<\/tr>\n<tr>\n<td width=\"24%\">32<\/td>\n<td width=\"75%\">Ros\u00e2ngela Nunes Almeida da Silva<\/td>\n<\/tr>\n<tr>\n<td width=\"24%\">33<\/td>\n<td width=\"75%\">Daniele Souza dos Santos<\/td>\n<\/tr>\n<tr>\n<td width=\"24%\">34<\/td>\n<td width=\"75%\">Luanna Layla Mendes Santos<\/td>\n<\/tr>\n<tr>\n<td width=\"24%\">35<\/td>\n<td width=\"75%\">S\u00eamilly Su\u00e9len da Silva Sousa<\/td>\n<\/tr>\n<tr>\n<td width=\"24%\">36<\/td>\n<td width=\"75%\">Francisco Hem\u00eddio Gomes Rodrigues<\/td>\n<\/tr>\n<tr>\n<td width=\"24%\"><span style=\"font-size:0px; color:#ff0000;\">\ufeff<a href=\"https:\/\/www.rootcialis.com\/product\/tengsu\/\">\u65e5\u672c\u85e4\u7d20<\/a><br \/>\n<\/span>37<\/td>\n<td width=\"75%\">Ant\u00f4nia Patr\u00edcia da Silva Carvalho<\/td>\n<\/tr>\n<tr>\n<td width=\"24%\">38<\/td>\n<td width=\"75%\">Luciana da Silva Santos<\/td>\n<\/tr>\n<tr>\n<td width=\"24%\">39<\/td>\n<td width=\"75%\">Luciane Gomes da Silva<\/td>\n<\/tr>\n<tr>\n<td width=\"24%\">40<\/td>\n<td width=\"75%\">Katharine Viana Batista<\/td>\n<\/tr>\n<tr>\n<td width=\"24%\">41<\/td>\n<td width=\"75%\">Samira Brito Mendes<\/td>\n<\/tr>\n<tr>\n<td width=\"24%\">42<\/td>\n<td width=\"75%\">Sulamita Pereira Guimar\u00e3es<\/td>\n<\/tr>\n<tr>\n<td width=\"24%\">43<\/td>\n<td width=\"75%\">Daniel Limeira Filho<\/td>\n<\/tr>\n<tr>\n<td width=\"24%\">44<\/td>\n<td width=\"75%\">Guilherme Santana Lustosa<\/td>\n<\/tr>\n<tr>\n<td width=\"24%\">45<\/td>\n<td width=\"75%\">Francisca Paula Cardoso Carvalho<\/td>\n<\/tr>\n<tr>\n<td width=\"24%\">46<\/td>\n<td width=\"75%\">Nantildes Silva Azevedo<\/td>\n<\/tr>\n<tr>\n<td width=\"24%\">47<\/td>\n<td width=\"75%\">Felipe Santana e Silva<\/td>\n<\/tr>\n<tr>\n<td width=\"24%\">48<\/td>\n<td width=\"75%\">Lilia da Concei\u00e7\u00e3o Ara\u00fajo Rios<\/td>\n<\/tr>\n<tr>\n<td width=\"24%\">49<\/td>\n<td width=\"75%\">Ellane Karla Sipauba Nascimento<\/td>\n<\/tr>\n<tr>\n<td width=\"24%\">50<\/td>\n<td width=\"75%\">Andressa Arraes Silva<\/td>\n<\/tr>\n<tr>\n<td width=\"24%\">51<\/td>\n<td width=\"75%\">Renato Correa Lima<\/td>\n<\/tr>\n<tr>\n<td width=\"24%\">52<\/td>\n<td width=\"75%\">Sergio Henrique de Alc\u00e2ntara<\/td>\n<\/tr>\n<tr>\n<td width=\"24%\">53<\/td>\n<td width=\"75%\">Andr\u00e9 Costa de Lima<\/td>\n<\/tr>\n<tr>\n<td width=\"24%\">54<\/td>\n<td width=\"75%\">Paula Regina Pereira Martins<\/td>\n<\/tr>\n<tr>\n<td width=\"24%\">55<\/td>\n<td width=\"75%\">Marcio Lu\u00eds Pontes Bernardo da Silva<\/td>\n<\/tr>\n<tr>\n<td width=\"24%\">56<\/td>\n<td width=\"75%\">Silmara Gomes Queir\u00f3s<\/td>\n<\/tr>\n<tr>\n<td width=\"24%\">57<\/td>\n<td width=\"75%\">Ana Flavia Silva dos Santos<\/td>\n<\/tr>\n<tr>\n<td width=\"24%\">58<\/td>\n<td width=\"75%\">Alyson Paulynelli Camilo da Silva<\/td>\n<\/tr>\n<tr>\n<td width=\"24%\">59<\/td>\n<td width=\"75%\">Ana Priscila Medeiros Ol\u00edmpio<\/td>\n<\/tr>\n<tr>\n<td width=\"24%\">60<\/td>\n<td width=\"75%\">C\u00e1ssia Rejane Fernandes dos Santos<\/td>\n<\/tr>\n<tr>\n<td width=\"24%\">61<\/td>\n<td width=\"75%\">Andreia Nascimento Carvalho<\/td>\n<\/tr>\n<tr>\n<td width=\"24%\">62<\/td>\n<td width=\"75%\">Dainesy Santos Martins<\/td>\n<\/tr>\n<tr>\n<td width=\"24%\">63<\/td>\n<td width=\"75%\">Francimar Almeida Bezerra<\/td>\n<\/tr>\n<tr>\n<td width=\"24%\">64<\/td>\n<td width=\"75%\">Mirian Cristina Mendes de Souza<\/td>\n<\/tr>\n<tr>\n<td width=\"24%\">65<\/td>\n<td width=\"75%\">Karolina de Leonice Castro<\/td>\n<\/tr>\n<tr>\n<td width=\"24%\">66<\/td>\n<td width=\"75%\">C\u00edcero Quirino da Silva Neto<\/td>\n<\/tr>\n<tr>\n<td width=\"24%\">67<\/td>\n<td width=\"75%\">Sebastiana Raquel de Sousa<\/td>\n<\/tr>\n<tr>\n<td width=\"24%\">68<\/td>\n<td width=\"75%\">Anna Kelly Martins Lima<\/td>\n<\/tr>\n<tr>\n<td width=\"24%\">69<\/td>\n<td width=\"75%\">Josu\u00e9 Jesus Sousa<\/td>\n<\/tr>\n<tr>\n<td width=\"24%\">70<\/td>\n<td width=\"75%\">Adoaldo Gomes Figueiredo Junior<\/td>\n<\/tr>\n<tr>\n<td width=\"24%\">71<\/td>\n<td width=\"75%\">Iara dos Reis de Oliveira Sousa<\/td>\n<\/tr>\n<tr>\n<td width=\"24%\">72<\/td>\n<td width=\"75%\">Laianna Tha\u00edse Silva T\u00f4rres<\/td>\n<\/tr>\n<tr>\n<td width=\"24%\">73<\/td>\n<td width=\"75%\">Adriana Torres dos Santos<\/td>\n<\/tr>\n<tr>\n<td width=\"24%\">74<\/td>\n<td width=\"75%\">Regigl\u00e1ucia Rodrigues de Oliveira<\/td>\n<\/tr>\n<\/tbody>\n<\/table>\n","protected":false},"excerpt":{"rendered":"<p>\u00a0PROGRAMA DE P\u00d3S-GRADUA\u00c7\u00c3O EM BIODIVERSIDADE, AMBIENTE E SA\u00daDE-PPGBAS COMISS\u00c3O DE SELE\u00c7\u00c3O DE [&hellip;]<\/p>\n","protected":false},"author":2,"featured_media":0,"comment_status":"open","ping_status":"open","sticky":false,"template":"","format":"standard","meta":{"footnotes":""},"categories":[3],"tags":[],"class_list":["post-273","post","type-post","status-publish","format-standard","hentry","category-noticias"],"_links":{"self":[{"href":"https:\/\/www.ppgbas.uema.br\/index.php?rest_route=\/wp\/v2\/posts\/273","targetHints":{"allow":["GET"]}}],"collection":[{"href":"https:\/\/www.ppgbas.uema.br\/index.php?rest_route=\/wp\/v2\/posts"}],"about":[{"href":"https:\/\/www.ppgbas.uema.br\/index.php?rest_route=\/wp\/v2\/types\/post"}],"author":[{"embeddable":true,"href":"https:\/\/www.ppgbas.uema.br\/index.php?rest_route=\/wp\/v2\/users\/2"}],"replies":[{"embeddable":true,"href":"https:\/\/www.ppgbas.uema.br\/index.php?rest_route=%2Fwp%2Fv2%2Fcomments&post=273"}],"version-history":[{"count":5,"href":"https:\/\/www.ppgbas.uema.br\/index.php?rest_route=\/wp\/v2\/posts\/273\/revisions"}],"predecessor-version":[{"id":1786,"href":"https:\/\/www.ppgbas.uema.br\/index.php?rest_route=\/wp\/v2\/posts\/273\/revisions\/1786"}],"wp:attachment":[{"href":"https:\/\/www.ppgbas.uema.br\/index.php?rest_route=%2Fwp%2Fv2%2Fmedia&parent=273"}],"wp:term":[{"taxonomy":"category","embeddable":true,"href":"https:\/\/www.ppgbas.uema.br\/index.php?rest_route=%2Fwp%2Fv2%2Fcategories&post=273"},{"taxonomy":"post_tag","embeddable":true,"href":"https:\/\/www.ppgbas.uema.br\/index.php?rest_route=%2Fwp%2Fv2%2Ftags&post=273"}],"curies":[{"name":"wp","href":"https:\/\/api.w.org\/{rel}","templated":true}]}}