{"id":2312,"date":"2026-07-10T18:29:35","date_gmt":"2026-07-10T18:29:35","guid":{"rendered":"https:\/\/www.ppgbas.uema.br\/?p=2312"},"modified":"2026-07-10T18:31:51","modified_gmt":"2026-07-10T18:31:51","slug":"vii-workshop-do-ppgbas-promove-imersao-cientifica-minicursos-praticos-e-debates-sobre-biodiversidade-e-saude-na-uema","status":"publish","type":"post","link":"https:\/\/www.ppgbas.uema.br\/?p=2312","title":{"rendered":"VII Workshop do PPGBAS promove imers\u00e3o cient\u00edfica, minicursos pr\u00e1ticos e debates sobre Biodiversidade e Sa\u00fade na UEMA"},"content":{"rendered":"<p style=\"text-align: justify;\"><a href=\"https:\/\/www.ppgbas.uema.br\/wp-content\/uploads\/2026\/07\/WhatsApp-Image-2026-07-10-at-14.19.53.jpeg\"><img loading=\"lazy\" decoding=\"async\" class=\"alignnone wp-image-2313\" src=\"https:\/\/www.ppgbas.uema.br\/wp-content\/uploads\/2026\/07\/WhatsApp-Image-2026-07-10-at-14.19.53-300x200.jpeg\" alt=\"\" width=\"683\" height=\"455\" srcset=\"https:\/\/www.ppgbas.uema.br\/wp-content\/uploads\/2026\/07\/WhatsApp-Image-2026-07-10-at-14.19.53-300x200.jpeg 300w, https:\/\/www.ppgbas.uema.br\/wp-content\/uploads\/2026\/07\/WhatsApp-Image-2026-07-10-at-14.19.53-1024x682.jpeg 1024w, https:\/\/www.ppgbas.uema.br\/wp-content\/uploads\/2026\/07\/WhatsApp-Image-2026-07-10-at-14.19.53-768x512.jpeg 768w, https:\/\/www.ppgbas.uema.br\/wp-content\/uploads\/2026\/07\/WhatsApp-Image-2026-07-10-at-14.19.53-1536x1023.jpeg 1536w, https:\/\/www.ppgbas.uema.br\/wp-content\/uploads\/2026\/07\/WhatsApp-Image-2026-07-10-at-14.19.53.jpeg 1600w\" sizes=\"auto, (max-width: 683px) 100vw, 683px\" \/><\/a><\/p>\n<p>Com o tema <em>&#8220;Converg\u00eancia entre Biodiversidade, Ambiente e Sa\u00fade: abordagens metodol\u00f3gicas e suas aplica\u00e7\u00f5es na pesquisa&#8221;<\/em>, o Programa de P\u00f3s-Gradua\u00e7\u00e3o em Biodiversidade, Ambiente e Sa\u00fade (PPGBAS) da Universidade Estadual do Maranh\u00e3o (UEMA) realizou, entre os dias 6 e 8 de julho, a s\u00e9tima edi\u00e7\u00e3o do seu Workshop anual.<\/p>\n<p style=\"text-align: justify;\">O evento reuniu especialistas, pesquisadores e estudantes para debater os desafios contempor\u00e2neos da ci\u00eancia e promover capacita\u00e7\u00e3o t\u00e9cnica de alto n\u00edvel. Dividido entre o Pr\u00e9dio do Centro de Ci\u00eancias da Sa\u00fade e o Campus Caxias (Morro do Alecrim), o workshop contou com uma programa\u00e7\u00e3o robusta ao longo de tr\u00eas dias, combinando palestras magnas, mesas-redondas e atividades essencialmente pr\u00e1ticas.<\/p>\n<p style=\"text-align: justify;\">Confira a cobertura completa dos tr\u00eas dias de evento:<\/p>\n<p style=\"text-align: justify;\"><strong>\u200b<\/strong><\/p>\n<p style=\"text-align: justify;\"><strong>Dia 1 (06\/07): Abertura e debates sobre Mudan\u00e7as Ambientais e Inova\u00e7\u00e3o<\/strong><\/p>\n<p style=\"text-align: justify;\">\u200bA segunda-feira come\u00e7ou com a solenidade de abertura, dando as boas-vindas oficiais aos participantes no Pr\u00e9dio do Centro de Ci\u00eancias da Sa\u00fade. Logo em seguida, o tom acad\u00eamico foi elevado com a <strong>Palestra Magna: &#8220;Novas Perspectivas das Doen\u00e7as Cr\u00f4nicas na <\/strong><\/p>\n<p style=\"text-align: justify;\"><strong>Amaz\u00f4nia&#8221;<\/strong>, ministrada pelo Prof. Dr. Paulo Lotufo.<\/p>\n<p style=\"text-align: justify;\">\u200bNa parte da tarde, a programa\u00e7\u00e3o continuou com foco na transfer\u00eancia de conhecimento atrav\u00e9s da palestra <strong>&#8220;Bioinova\u00e7\u00e3o em Perspectiva: caminhos para transformar conhecimento cient\u00edfico em prote\u00e7\u00e3o intelectual e desenvolvimento&#8221;<\/strong>, apresentada pelo Prof. Dr. Roberto Serra. O primeiro dia tamb\u00e9m foi marcado por duas importantes mesas-redondas que debateram os eixos centrais do programa:<\/p>\n<ul style=\"text-align: justify;\">\n<li>\u200b<strong>Mesa-redonda 1:<\/strong><em>Mudan\u00e7as Ambientais e a Emerg\u00eancia de Doen\u00e7as<\/em>, com as contribui\u00e7\u00f5es do Prof. Dr. Jos\u00e9 Ross, Prof. Dr. Hermeson Cassiano e Profa. Dra. Val\u00e9ria Cristina.<\/li>\n<li>\u200b<strong>Mesa-redonda 2:<\/strong><em>Desafios para a Inova\u00e7\u00e3o em Biodiversidade e Sa\u00fade<\/em>, que contou com o debate liderado pela Profa. Dra. Ana Carla, Profa. Dra. Daniela Freitas e Profa. Dra. Christina Muratori.<\/li>\n<\/ul>\n<p style=\"text-align: justify;\">\u200b<\/p>\n<p style=\"text-align: justify;\"><a href=\"https:\/\/www.ppgbas.uema.br\/wp-content\/uploads\/2026\/07\/Foto-4-scaled.jpg\"><img loading=\"lazy\" decoding=\"async\" class=\"alignnone size-medium wp-image-2314\" src=\"https:\/\/www.ppgbas.uema.br\/wp-content\/uploads\/2026\/07\/Foto-4-300x200.jpg\" alt=\"\" width=\"300\" height=\"200\" srcset=\"https:\/\/www.ppgbas.uema.br\/wp-content\/uploads\/2026\/07\/Foto-4-300x200.jpg 300w, https:\/\/www.ppgbas.uema.br\/wp-content\/uploads\/2026\/07\/Foto-4-1024x683.jpg 1024w, https:\/\/www.ppgbas.uema.br\/wp-content\/uploads\/2026\/07\/Foto-4-768x512.jpg 768w, https:\/\/www.ppgbas.uema.br\/wp-content\/uploads\/2026\/07\/Foto-4-1536x1024.jpg 1536w, https:\/\/www.ppgbas.uema.br\/wp-content\/uploads\/2026\/07\/Foto-4-2048x1365.jpg 2048w\" sizes=\"auto, (max-width: 300px) 100vw, 300px\" \/><\/a><a href=\"https:\/\/www.ppgbas.uema.br\/wp-content\/uploads\/2026\/07\/Foto-26-scaled.jpg\"><img loading=\"lazy\" decoding=\"async\" class=\"alignnone size-medium wp-image-2315\" src=\"https:\/\/www.ppgbas.uema.br\/wp-content\/uploads\/2026\/07\/Foto-26-300x200.jpg\" alt=\"\" width=\"300\" height=\"200\" srcset=\"https:\/\/www.ppgbas.uema.br\/wp-content\/uploads\/2026\/07\/Foto-26-300x200.jpg 300w, https:\/\/www.ppgbas.uema.br\/wp-content\/uploads\/2026\/07\/Foto-26-1024x683.jpg 1024w, https:\/\/www.ppgbas.uema.br\/wp-content\/uploads\/2026\/07\/Foto-26-768x512.jpg 768w, https:\/\/www.ppgbas.uema.br\/wp-content\/uploads\/2026\/07\/Foto-26-1536x1024.jpg 1536w, https:\/\/www.ppgbas.uema.br\/wp-content\/uploads\/2026\/07\/Foto-26-2048x1365.jpg 2048w\" sizes=\"auto, (max-width: 300px) 100vw, 300px\" \/><\/a><\/p>\n<p style=\"text-align: justify;\"><a href=\"https:\/\/www.ppgbas.uema.br\/wp-content\/uploads\/2026\/07\/Foto-21-scaled.jpg\"><img loading=\"lazy\" decoding=\"async\" class=\"alignnone size-medium wp-image-2317\" src=\"https:\/\/www.ppgbas.uema.br\/wp-content\/uploads\/2026\/07\/Foto-21-300x200.jpg\" alt=\"\" width=\"300\" height=\"200\" srcset=\"https:\/\/www.ppgbas.uema.br\/wp-content\/uploads\/2026\/07\/Foto-21-300x200.jpg 300w, https:\/\/www.ppgbas.uema.br\/wp-content\/uploads\/2026\/07\/Foto-21-1024x683.jpg 1024w, https:\/\/www.ppgbas.uema.br\/wp-content\/uploads\/2026\/07\/Foto-21-768x512.jpg 768w, https:\/\/www.ppgbas.uema.br\/wp-content\/uploads\/2026\/07\/Foto-21-1536x1024.jpg 1536w, https:\/\/www.ppgbas.uema.br\/wp-content\/uploads\/2026\/07\/Foto-21-2048x1365.jpg 2048w\" sizes=\"auto, (max-width: 300px) 100vw, 300px\" \/><\/a><a href=\"https:\/\/www.ppgbas.uema.br\/wp-content\/uploads\/2026\/07\/Foto-83-scaled.jpg\"><img loading=\"lazy\" decoding=\"async\" class=\"alignnone size-medium wp-image-2322\" src=\"https:\/\/www.ppgbas.uema.br\/wp-content\/uploads\/2026\/07\/Foto-83-300x200.jpg\" alt=\"\" width=\"300\" height=\"200\" srcset=\"https:\/\/www.ppgbas.uema.br\/wp-content\/uploads\/2026\/07\/Foto-83-300x200.jpg 300w, https:\/\/www.ppgbas.uema.br\/wp-content\/uploads\/2026\/07\/Foto-83-1024x683.jpg 1024w, https:\/\/www.ppgbas.uema.br\/wp-content\/uploads\/2026\/07\/Foto-83-768x512.jpg 768w, https:\/\/www.ppgbas.uema.br\/wp-content\/uploads\/2026\/07\/Foto-83-1536x1024.jpg 1536w, https:\/\/www.ppgbas.uema.br\/wp-content\/uploads\/2026\/07\/Foto-83-2048x1365.jpg 2048w\" sizes=\"auto, (max-width: 300px) 100vw, 300px\" \/><\/a><\/p>\n<p style=\"text-align: justify;\">\n<p style=\"text-align: justify;\"><strong>Dia 2 (07\/07): Dia de Imers\u00e3o Pr\u00e1tica com a Realiza\u00e7\u00e3o de 8 Minicursos<\/strong><\/p>\n<p style=\"text-align: justify;\">A ter\u00e7a-feira foi totalmente dedicada \u00e0 qualifica\u00e7\u00e3o t\u00e9cnica dos estudantes por meio de <strong>8 minicursos pr\u00e1ticos<\/strong>, distribu\u00eddos em laborat\u00f3rios especializados no Centro de Ci\u00eancias da Sa\u00fade e no Campus Caxias (Morro do Alecrim). As capacita\u00e7\u00f5es cobriram uma vasta \u00e1rea metodol\u00f3gica:<\/p>\n<ul style=\"text-align: justify;\">\n<li>\u200b<strong>Minicurso 1:<\/strong> T\u00e9cnicas de Coleta e Herboriza\u00e7\u00e3o <em>(Laborat\u00f3rio de Microbiologia)<\/em><\/li>\n<li>\u200b<strong>Minicurso 2:<\/strong> Entomologia na Pr\u00e1tica: Identifica\u00e7\u00e3o de Insetos Aqu\u00e1ticos <em>(SALA: LEAQ)<\/em><\/li>\n<li>\u200b<strong>Minicurso 3:<\/strong> Extra\u00e7\u00e3o de DNA Gen\u00f4mico:<\/li>\n<li>Teoria e Pr\u00e1tica em Biologia Molecular <em>(SALA: GENBIMOL)<\/em><\/li>\n<li>\u200b<strong>Minicurso 4:<\/strong> Feridas e Cicatriza\u00e7\u00e3o: Da Teoria \u00e0 Pr\u00e1tica Assistencial <em>(SALA: M2)<\/em><\/li>\n<li>\u200b<strong>Minicurso 5:<\/strong> Biologia, Identifica\u00e7\u00e3o e Conserva\u00e7\u00e3o de Morcegos do Maranh\u00e3o <em>(SALA: GENBIMOL)<\/em><\/li>\n<li>\u200b<strong>Minicurso 6:<\/strong> Introdu\u00e7\u00e3o \u00e0s Regras de Nomenclatura Zool\u00f3gica <em>(Laborat\u00f3rio de Microscopia)<\/em><\/li>\n<li>\u200b<strong>Minicurso 7:<\/strong> Leitura e Produ\u00e7\u00e3o de Gr\u00e1ficos Cient\u00edficos <em>(Laborat\u00f3rio de Microbiologia)<\/em><\/li>\n<li>\u200b<strong>Minicurso 8:<\/strong> Identifica\u00e7\u00e3o Morfol\u00f3gica de Peixes: Ferramenta para a Conserva\u00e7\u00e3o da Biodiversidade <em>(SALA: GENBIMOL)<\/em><\/li>\n<\/ul>\n<p style=\"text-align: justify;\"><strong><a href=\"https:\/\/www.ppgbas.uema.br\/wp-content\/uploads\/2026\/07\/Foto-87-scaled.jpg\"><img loading=\"lazy\" decoding=\"async\" class=\"alignnone size-medium wp-image-2323\" src=\"https:\/\/www.ppgbas.uema.br\/wp-content\/uploads\/2026\/07\/Foto-87-300x200.jpg\" alt=\"\" width=\"300\" height=\"200\" srcset=\"https:\/\/www.ppgbas.uema.br\/wp-content\/uploads\/2026\/07\/Foto-87-300x200.jpg 300w, https:\/\/www.ppgbas.uema.br\/wp-content\/uploads\/2026\/07\/Foto-87-1024x683.jpg 1024w, https:\/\/www.ppgbas.uema.br\/wp-content\/uploads\/2026\/07\/Foto-87-768x512.jpg 768w, https:\/\/www.ppgbas.uema.br\/wp-content\/uploads\/2026\/07\/Foto-87-1536x1024.jpg 1536w, https:\/\/www.ppgbas.uema.br\/wp-content\/uploads\/2026\/07\/Foto-87-2048x1365.jpg 2048w\" sizes=\"auto, (max-width: 300px) 100vw, 300px\" \/><\/a><a href=\"https:\/\/www.ppgbas.uema.br\/wp-content\/uploads\/2026\/07\/Foto-135-scaled.jpg\"><img loading=\"lazy\" decoding=\"async\" class=\"alignnone size-medium wp-image-2326\" src=\"https:\/\/www.ppgbas.uema.br\/wp-content\/uploads\/2026\/07\/Foto-135-300x200.jpg\" alt=\"\" width=\"300\" height=\"200\" srcset=\"https:\/\/www.ppgbas.uema.br\/wp-content\/uploads\/2026\/07\/Foto-135-300x200.jpg 300w, https:\/\/www.ppgbas.uema.br\/wp-content\/uploads\/2026\/07\/Foto-135-1024x683.jpg 1024w, https:\/\/www.ppgbas.uema.br\/wp-content\/uploads\/2026\/07\/Foto-135-768x512.jpg 768w, https:\/\/www.ppgbas.uema.br\/wp-content\/uploads\/2026\/07\/Foto-135-1536x1024.jpg 1536w, https:\/\/www.ppgbas.uema.br\/wp-content\/uploads\/2026\/07\/Foto-135-2048x1365.jpg 2048w\" sizes=\"auto, (max-width: 300px) 100vw, 300px\" \/><\/a>\u00a0<\/strong><\/p>\n<p style=\"text-align: justify;\">\n<p style=\"text-align: justify;\"><strong>Dia 3 (08\/07): Internacionaliza\u00e7\u00e3o, Apresenta\u00e7\u00e3o de Trabalhos e Premia\u00e7\u00f5es<\/strong><\/p>\n<p style=\"text-align: justify;\">O \u00faltimo dia do evento retornou ao Pr\u00e9dio do Centro de Ci\u00eancias da Sa\u00fade focado nas publica\u00e7\u00f5es acad\u00eamicas e na exposi\u00e7\u00e3o da produ\u00e7\u00e3o cient\u00edfica interna. A manh\u00e3 come\u00e7ou com a esclarecedora palestra <strong>&#8220;Publica\u00e7\u00e3o Cient\u00edfica na Era das M\u00e9tricas: estrat\u00e9gias, indexa\u00e7\u00e3o e revistas predat\u00f3rias&#8221;<\/strong>, ministrada pelo Prof. Dr. Edley Max.<\/p>\n<p style=\"text-align: justify;\">Na sequ\u00eancia, a mesa-redonda <strong>&#8220;Internacionaliza\u00e7\u00e3o no Processo Acad\u00eamico: desafios e experi\u00eancias al\u00e9m das fronteiras&#8221;<\/strong>, mediada por Me. Maria do Socorro, Me. Ricardo Joseph e Me. Vin\u00edcius Leggepan, trouxe perspectivas globais valiosas para a p\u00f3s-gradua\u00e7\u00e3o.<\/p>\n<p style=\"text-align: justify;\">O per\u00edodo da tarde foi o ponto alto para os discentes do programa:<\/p>\n<ul style=\"text-align: justify;\">\n<li>\u200b<strong>Sess\u00e3o de Apresenta\u00e7\u00e3o de Trabalhos Cient\u00edficos:<\/strong> Estudantes expuseram suas pesquisas avaliadas por bancas de especialistas.<\/li>\n<li>\u200b<strong>Palestra de Encerramento:<\/strong> O Prof. Dr. Andrey Andrade comandou a discuss\u00e3o final com o tema <em>&#8220;At\u00e9 onde chegamos e o que ainda falta para falarmos em controle das leishmanioses&#8221;<\/em>.<\/li>\n<li>\u200b<strong>Premia\u00e7\u00e3o e Encerramento:<\/strong> O evento foi finalizado com a tradicional cerim\u00f4nia de premia\u00e7\u00e3o dos melhores trabalhos apresentados, entrega de certificados e discursos de agradecimento da coordena\u00e7\u00e3o.<\/li>\n<\/ul>\n<p style=\"text-align: justify;\">\n<p style=\"text-align: justify;\"><strong>Fortalecendo a Ci\u00eancia no Maranh\u00e3o<\/strong><\/p>\n<p style=\"text-align: justify;\">O sucesso do <strong>VII Workshop do PPGBAS<\/strong> refor\u00e7a a excel\u00eancia da UEMA no cen\u00e1rio de pesquisa do Nordeste, integrando de forma indissoci\u00e1vel o estudo do meio ambiente com as demandas urgentes da sa\u00fade p\u00fablica. A coordena\u00e7\u00e3o do programa agradece imensamente a todos os palestrantes, avaliadores, professores ministrantes e alunos que tornaram estes tr\u00eas dias um marco acad\u00eamico de profundo aprendizado.<\/p>\n<p style=\"text-align: justify;\">\u200b<\/p>\n<p style=\"text-align: justify;\"><strong>Texto por:<\/strong> <em>Ana keyla \/ Estagi\u00e1ria PPGBAS-UEMA<\/em><\/p>\n<p style=\"text-align: justify;\"><strong>Fotos: <\/strong>_is.soares<\/p>\n","protected":false},"excerpt":{"rendered":"<p>Com o tema &#8220;Converg\u00eancia entre Biodiversidade, Ambiente e Sa\u00fade: abordagens metodol\u00f3gicas e [&hellip;]<\/p>\n","protected":false},"author":2,"featured_media":2313,"comment_status":"open","ping_status":"open","sticky":false,"template":"","format":"standard","meta":{"footnotes":""},"categories":[3],"tags":[],"class_list":["post-2312","post","type-post","status-publish","format-standard","has-post-thumbnail","hentry","category-noticias"],"_links":{"self":[{"href":"https:\/\/www.ppgbas.uema.br\/index.php?rest_route=\/wp\/v2\/posts\/2312","targetHints":{"allow":["GET"]}}],"collection":[{"href":"https:\/\/www.ppgbas.uema.br\/index.php?rest_route=\/wp\/v2\/posts"}],"about":[{"href":"https:\/\/www.ppgbas.uema.br\/index.php?rest_route=\/wp\/v2\/types\/post"}],"author":[{"embeddable":true,"href":"https:\/\/www.ppgbas.uema.br\/index.php?rest_route=\/wp\/v2\/users\/2"}],"replies":[{"embeddable":true,"href":"https:\/\/www.ppgbas.uema.br\/index.php?rest_route=%2Fwp%2Fv2%2Fcomments&post=2312"}],"version-history":[{"count":6,"href":"https:\/\/www.ppgbas.uema.br\/index.php?rest_route=\/wp\/v2\/posts\/2312\/revisions"}],"predecessor-version":[{"id":2331,"href":"https:\/\/www.ppgbas.uema.br\/index.php?rest_route=\/wp\/v2\/posts\/2312\/revisions\/2331"}],"wp:featuredmedia":[{"embeddable":true,"href":"https:\/\/www.ppgbas.uema.br\/index.php?rest_route=\/wp\/v2\/media\/2313"}],"wp:attachment":[{"href":"https:\/\/www.ppgbas.uema.br\/index.php?rest_route=%2Fwp%2Fv2%2Fmedia&parent=2312"}],"wp:term":[{"taxonomy":"category","embeddable":true,"href":"https:\/\/www.ppgbas.uema.br\/index.php?rest_route=%2Fwp%2Fv2%2Fcategories&post=2312"},{"taxonomy":"post_tag","embeddable":true,"href":"https:\/\/www.ppgbas.uema.br\/index.php?rest_route=%2Fwp%2Fv2%2Ftags&post=2312"}],"curies":[{"name":"wp","href":"https:\/\/api.w.org\/{rel}","templated":true}]}}