{"id":2291,"date":"2026-07-09T13:39:36","date_gmt":"2026-07-09T13:39:36","guid":{"rendered":"https:\/\/www.ppgbas.uema.br\/?p=2291"},"modified":"2026-07-10T17:50:13","modified_gmt":"2026-07-10T17:50:13","slug":"ppgbas-marca-presenca-marcante-no-i-seminario-internacional-da-pos-graduacao-da-uema","status":"publish","type":"post","link":"https:\/\/www.ppgbas.uema.br\/?p=2291","title":{"rendered":"PPGBAS marca presen\u00e7a marcante no I Semin\u00e1rio Internacional da P\u00f3s-Gradua\u00e7\u00e3o da UEMA"},"content":{"rendered":"<p data-path-to-node=\"3\"><a href=\"https:\/\/www.ppgbas.uema.br\/wp-content\/uploads\/2026\/07\/Captura-de-tela-2026-07-09-101246.png\"><img loading=\"lazy\" decoding=\"async\" class=\"alignnone wp-image-2292\" src=\"https:\/\/www.ppgbas.uema.br\/wp-content\/uploads\/2026\/07\/Captura-de-tela-2026-07-09-101246-300x173.png\" alt=\"\" width=\"571\" height=\"329\" srcset=\"https:\/\/www.ppgbas.uema.br\/wp-content\/uploads\/2026\/07\/Captura-de-tela-2026-07-09-101246-300x173.png 300w, https:\/\/www.ppgbas.uema.br\/wp-content\/uploads\/2026\/07\/Captura-de-tela-2026-07-09-101246.png 549w\" sizes=\"auto, (max-width: 571px) 100vw, 571px\" \/><\/a><\/p>\n<p style=\"text-align: justify;\">O Programa de P\u00f3s-Gradua\u00e7\u00e3o em Biodiversidade, Ambiente e Sa\u00fade (PPGBAS) reafirmou seu papel de destaque no cen\u00e1rio acad\u00eamico ao participar ativamente do <b data-path-to-node=\"3\" data-index-in-node=\"154\">I Semin\u00e1rio Internacional da P\u00f3s-Gradua\u00e7\u00e3o<\/b> da Universidade Estadual do Maranh\u00e3o (UEMA).<\/p>\n<p style=\"text-align: justify;\" data-path-to-node=\"4\">O evento reuniu egressos, discentes e membros da coordena\u00e7\u00e3o do programa, consolidando um espa\u00e7o fundamental para o fortalecimento da pesquisa cient\u00edfica e o interc\u00e2mbio de saberes inovadores.<\/p>\n<p><strong>Texto por: <em>Ana keyla \/ Estagi\u00e1ria PPGBAS-UEMA<\/em><\/strong><\/p>\n","protected":false},"excerpt":{"rendered":"<p>O Programa de P\u00f3s-Gradua\u00e7\u00e3o em Biodiversidade, Ambiente e Sa\u00fade (PPGBAS) reafirmou seu [&hellip;]<\/p>\n","protected":false},"author":2,"featured_media":2292,"comment_status":"open","ping_status":"open","sticky":false,"template":"","format":"standard","meta":{"footnotes":""},"categories":[3],"tags":[],"class_list":["post-2291","post","type-post","status-publish","format-standard","has-post-thumbnail","hentry","category-noticias"],"_links":{"self":[{"href":"https:\/\/www.ppgbas.uema.br\/index.php?rest_route=\/wp\/v2\/posts\/2291","targetHints":{"allow":["GET"]}}],"collection":[{"href":"https:\/\/www.ppgbas.uema.br\/index.php?rest_route=\/wp\/v2\/posts"}],"about":[{"href":"https:\/\/www.ppgbas.uema.br\/index.php?rest_route=\/wp\/v2\/types\/post"}],"author":[{"embeddable":true,"href":"https:\/\/www.ppgbas.uema.br\/index.php?rest_route=\/wp\/v2\/users\/2"}],"replies":[{"embeddable":true,"href":"https:\/\/www.ppgbas.uema.br\/index.php?rest_route=%2Fwp%2Fv2%2Fcomments&post=2291"}],"version-history":[{"count":2,"href":"https:\/\/www.ppgbas.uema.br\/index.php?rest_route=\/wp\/v2\/posts\/2291\/revisions"}],"predecessor-version":[{"id":2302,"href":"https:\/\/www.ppgbas.uema.br\/index.php?rest_route=\/wp\/v2\/posts\/2291\/revisions\/2302"}],"wp:featuredmedia":[{"embeddable":true,"href":"https:\/\/www.ppgbas.uema.br\/index.php?rest_route=\/wp\/v2\/media\/2292"}],"wp:attachment":[{"href":"https:\/\/www.ppgbas.uema.br\/index.php?rest_route=%2Fwp%2Fv2%2Fmedia&parent=2291"}],"wp:term":[{"taxonomy":"category","embeddable":true,"href":"https:\/\/www.ppgbas.uema.br\/index.php?rest_route=%2Fwp%2Fv2%2Fcategories&post=2291"},{"taxonomy":"post_tag","embeddable":true,"href":"https:\/\/www.ppgbas.uema.br\/index.php?rest_route=%2Fwp%2Fv2%2Ftags&post=2291"}],"curies":[{"name":"wp","href":"https:\/\/api.w.org\/{rel}","templated":true}]}}