{"id":2284,"date":"2026-07-09T13:29:36","date_gmt":"2026-07-09T13:29:36","guid":{"rendered":"https:\/\/www.ppgbas.uema.br\/?p=2284"},"modified":"2026-07-10T17:50:53","modified_gmt":"2026-07-10T17:50:53","slug":"projeto-cuscuz-com-ciencias-promove-internacionalizacao-com-palestra-sobre-biotecnologia-no-controle-de-doencas","status":"publish","type":"post","link":"https:\/\/www.ppgbas.uema.br\/?p=2284","title":{"rendered":"Projeto &#8220;Cuscuz com Ci\u00eancias&#8221; promove internacionaliza\u00e7\u00e3o com palestra sobre biotecnologia no controle de doen\u00e7as"},"content":{"rendered":"<p data-path-to-node=\"4\"><a href=\"https:\/\/www.ppgbas.uema.br\/wp-content\/uploads\/2026\/07\/WhatsApp-Image-2026-06-25-at-08.48.28.jpeg\"><img loading=\"lazy\" decoding=\"async\" class=\"alignnone wp-image-2285\" src=\"https:\/\/www.ppgbas.uema.br\/wp-content\/uploads\/2026\/07\/WhatsApp-Image-2026-06-25-at-08.48.28-300x200.jpeg\" alt=\"\" width=\"656\" height=\"437\" srcset=\"https:\/\/www.ppgbas.uema.br\/wp-content\/uploads\/2026\/07\/WhatsApp-Image-2026-06-25-at-08.48.28-300x200.jpeg 300w, https:\/\/www.ppgbas.uema.br\/wp-content\/uploads\/2026\/07\/WhatsApp-Image-2026-06-25-at-08.48.28-1024x682.jpeg 1024w, https:\/\/www.ppgbas.uema.br\/wp-content\/uploads\/2026\/07\/WhatsApp-Image-2026-06-25-at-08.48.28-768x512.jpeg 768w, https:\/\/www.ppgbas.uema.br\/wp-content\/uploads\/2026\/07\/WhatsApp-Image-2026-06-25-at-08.48.28-1536x1023.jpeg 1536w, https:\/\/www.ppgbas.uema.br\/wp-content\/uploads\/2026\/07\/WhatsApp-Image-2026-06-25-at-08.48.28.jpeg 1600w\" sizes=\"auto, (max-width: 656px) 100vw, 656px\" \/><\/a><\/p>\n<p style=\"text-align: justify;\" data-path-to-node=\"4\">O Programa de P\u00f3s-Gradua\u00e7\u00e3o em Biodiversidade, Ambiente e Sa\u00fade (PPGBAS) da Universidade Estadual do Maranh\u00e3o (UEMA), Campus Caxias, realizou no \u00faltimo dia 23 de junho, \u00e0s 15h, mais uma edi\u00e7\u00e3o de sucesso do projeto <b data-path-to-node=\"4\" data-index-in-node=\"215\">Cuscuz com Ci\u00eancia<\/b>. O evento, que aconteceu na Sala C1 (sala do mestrado), trouxe um debate de alto n\u00edvel t\u00e9cnico e refor\u00e7ou as a\u00e7\u00f5es de internacionaliza\u00e7\u00e3o do programa.<\/p>\n<p style=\"text-align: justify;\" data-path-to-node=\"5\">Desta vez, a comunidade acad\u00eamica p\u00f4de acompanhar a palestra intitulada <b data-path-to-node=\"5\" data-index-in-node=\"72\">&#8220;Prote\u00ednas Parasporais como uma Abordagem para o Controle de Doen\u00e7as: Modifica\u00e7\u00f5es Gen\u00e9ticas e Caracteriza\u00e7\u00e3o&#8221;<\/b>.<\/p>\n<p style=\"text-align: justify;\" data-path-to-node=\"4\"><a href=\"https:\/\/www.ppgbas.uema.br\/wp-content\/uploads\/2026\/07\/WhatsApp-Image-2026-06-25-at-08.48.25.jpeg\"><img loading=\"lazy\" decoding=\"async\" class=\"alignnone wp-image-2288\" src=\"https:\/\/www.ppgbas.uema.br\/wp-content\/uploads\/2026\/07\/WhatsApp-Image-2026-06-25-at-08.48.25-300x200.jpeg\" alt=\"\" width=\"501\" height=\"334\" srcset=\"https:\/\/www.ppgbas.uema.br\/wp-content\/uploads\/2026\/07\/WhatsApp-Image-2026-06-25-at-08.48.25-300x200.jpeg 300w, https:\/\/www.ppgbas.uema.br\/wp-content\/uploads\/2026\/07\/WhatsApp-Image-2026-06-25-at-08.48.25-1024x682.jpeg 1024w, https:\/\/www.ppgbas.uema.br\/wp-content\/uploads\/2026\/07\/WhatsApp-Image-2026-06-25-at-08.48.25-768x512.jpeg 768w, https:\/\/www.ppgbas.uema.br\/wp-content\/uploads\/2026\/07\/WhatsApp-Image-2026-06-25-at-08.48.25-1536x1023.jpeg 1536w, https:\/\/www.ppgbas.uema.br\/wp-content\/uploads\/2026\/07\/WhatsApp-Image-2026-06-25-at-08.48.25.jpeg 1600w\" sizes=\"auto, (max-width: 501px) 100vw, 501px\" \/><\/a><\/p>\n<h3 data-path-to-node=\"6\">Palestrante Internacional de Renome<\/h3>\n<p data-path-to-node=\"7\">A atividade foi conduzida pelo renomado pesquisador colombiano <b data-path-to-node=\"7\" data-index-in-node=\"63\">Dr. Miguel Orlando Su\u00e1rez Barrera<\/b>, que possui uma s\u00f3lida trajet\u00f3ria acad\u00eamica global:<\/p>\n<ul data-path-to-node=\"8\">\n<li>\n<p data-path-to-node=\"8,0,0\"><b data-path-to-node=\"8,0,0\" data-index-in-node=\"0\">Gradua\u00e7\u00e3o:<\/b> Microbiologia Industrial pela Universidade de Santander (Col\u00f4mbia).<\/p>\n<\/li>\n<li>\n<p data-path-to-node=\"8,1,0\"><b data-path-to-node=\"8,1,0\" data-index-in-node=\"0\">Mestrado:<\/b> Ci\u00eancias Biom\u00e9dicas B\u00e1sicas pela Universidade de Santander (Col\u00f4mbia).<\/p>\n<\/li>\n<li>\n<p data-path-to-node=\"8,2,0\"><b data-path-to-node=\"8,2,0\" data-index-in-node=\"0\">Doutorado:<\/b> Ci\u00eancias Biom\u00e9dicas B\u00e1sicas, com \u00eanfase em Biologia Molecular, em regime de dupla titula\u00e7\u00e3o pela Universidade de Antioquia (Col\u00f4mbia) e pela Universidade de Groningen (Pa\u00edses Baixos).<\/p>\n<\/li>\n<\/ul>\n<h3 data-path-to-node=\"9\">Inova\u00e7\u00e3o Cient\u00edfica em Debate<\/h3>\n<p data-path-to-node=\"10\">Durante a apresenta\u00e7\u00e3o, o Dr. Miguel abordou como a engenharia gen\u00e9tica e a caracteriza\u00e7\u00e3o dessas prote\u00ednas espec\u00edficas abrem caminhos inovadores para o desenvolvimento de novas abordagens biotecnol\u00f3gicas no combate a patologias. O encontro permitiu que alunos e professores do PPGBAS fizessem perguntas, discutissem metodologias de biologia molecular e trocassem experi\u00eancias diretamente com o palestrante.<\/p>\n<p data-path-to-node=\"10\"><a href=\"https:\/\/www.ppgbas.uema.br\/wp-content\/uploads\/2026\/07\/WhatsApp-Image-2026-06-25-at-08.48.26.jpeg\"><img loading=\"lazy\" decoding=\"async\" class=\"alignnone wp-image-2286\" src=\"https:\/\/www.ppgbas.uema.br\/wp-content\/uploads\/2026\/07\/WhatsApp-Image-2026-06-25-at-08.48.26-300x200.jpeg\" alt=\"\" width=\"578\" height=\"385\" srcset=\"https:\/\/www.ppgbas.uema.br\/wp-content\/uploads\/2026\/07\/WhatsApp-Image-2026-06-25-at-08.48.26-300x200.jpeg 300w, https:\/\/www.ppgbas.uema.br\/wp-content\/uploads\/2026\/07\/WhatsApp-Image-2026-06-25-at-08.48.26-1024x682.jpeg 1024w, https:\/\/www.ppgbas.uema.br\/wp-content\/uploads\/2026\/07\/WhatsApp-Image-2026-06-25-at-08.48.26-768x512.jpeg 768w, https:\/\/www.ppgbas.uema.br\/wp-content\/uploads\/2026\/07\/WhatsApp-Image-2026-06-25-at-08.48.26-1536x1023.jpeg 1536w, https:\/\/www.ppgbas.uema.br\/wp-content\/uploads\/2026\/07\/WhatsApp-Image-2026-06-25-at-08.48.26.jpeg 1600w\" sizes=\"auto, (max-width: 578px) 100vw, 578px\" \/><\/a><\/p>\n<p data-path-to-node=\"13\">O PPGBAS e a UEMA Campus Caxias agradecem imensamente a valiosa contribui\u00e7\u00e3o do Dr. Miguel Orlando e a presen\u00e7a massiva de todos os estudantes e pesquisadores que enriqueceram o evento.<\/p>\n<p><strong>Texto por: <em>Ana keyla \/ Estagi\u00e1ria PPGBAS-UEMA<\/em><\/strong><\/p>\n","protected":false},"excerpt":{"rendered":"<p>O Programa de P\u00f3s-Gradua\u00e7\u00e3o em Biodiversidade, Ambiente e Sa\u00fade (PPGBAS) da Universidade [&hellip;]<\/p>\n","protected":false},"author":2,"featured_media":2285,"comment_status":"open","ping_status":"open","sticky":false,"template":"","format":"standard","meta":{"footnotes":""},"categories":[3],"tags":[],"class_list":["post-2284","post","type-post","status-publish","format-standard","has-post-thumbnail","hentry","category-noticias"],"_links":{"self":[{"href":"https:\/\/www.ppgbas.uema.br\/index.php?rest_route=\/wp\/v2\/posts\/2284","targetHints":{"allow":["GET"]}}],"collection":[{"href":"https:\/\/www.ppgbas.uema.br\/index.php?rest_route=\/wp\/v2\/posts"}],"about":[{"href":"https:\/\/www.ppgbas.uema.br\/index.php?rest_route=\/wp\/v2\/types\/post"}],"author":[{"embeddable":true,"href":"https:\/\/www.ppgbas.uema.br\/index.php?rest_route=\/wp\/v2\/users\/2"}],"replies":[{"embeddable":true,"href":"https:\/\/www.ppgbas.uema.br\/index.php?rest_route=%2Fwp%2Fv2%2Fcomments&post=2284"}],"version-history":[{"count":3,"href":"https:\/\/www.ppgbas.uema.br\/index.php?rest_route=\/wp\/v2\/posts\/2284\/revisions"}],"predecessor-version":[{"id":2303,"href":"https:\/\/www.ppgbas.uema.br\/index.php?rest_route=\/wp\/v2\/posts\/2284\/revisions\/2303"}],"wp:featuredmedia":[{"embeddable":true,"href":"https:\/\/www.ppgbas.uema.br\/index.php?rest_route=\/wp\/v2\/media\/2285"}],"wp:attachment":[{"href":"https:\/\/www.ppgbas.uema.br\/index.php?rest_route=%2Fwp%2Fv2%2Fmedia&parent=2284"}],"wp:term":[{"taxonomy":"category","embeddable":true,"href":"https:\/\/www.ppgbas.uema.br\/index.php?rest_route=%2Fwp%2Fv2%2Fcategories&post=2284"},{"taxonomy":"post_tag","embeddable":true,"href":"https:\/\/www.ppgbas.uema.br\/index.php?rest_route=%2Fwp%2Fv2%2Ftags&post=2284"}],"curies":[{"name":"wp","href":"https:\/\/api.w.org\/{rel}","templated":true}]}}