{"id":2225,"date":"2026-02-26T14:23:31","date_gmt":"2026-02-26T14:23:31","guid":{"rendered":"https:\/\/www.ppgbas.uema.br\/?p=2225"},"modified":"2026-07-10T17:53:11","modified_gmt":"2026-07-10T17:53:11","slug":"mestranda-do-ppgbas-e-aprovada-em-chamada-de-internacionalizacao-da-pos-graduacao-da-uema","status":"publish","type":"post","link":"https:\/\/www.ppgbas.uema.br\/?p=2225","title":{"rendered":"Mestranda do PPGBAS \u00e9 aprovada em Chamada de Internacionaliza\u00e7\u00e3o da P\u00f3s-Gradua\u00e7\u00e3o da UEMA"},"content":{"rendered":"<p>&nbsp;<\/p>\n<p style=\"text-align: justify;\">O Programa de P\u00f3s-Gradua\u00e7\u00e3o em Biodiversidade, Ambiente e Sa\u00fade (PPGBAS) celebra mais uma importante conquista acad\u00eamica no \u00e2mbito da p\u00f3s-gradua\u00e7\u00e3o, a mestranda Ludmila Miranda Alencar foi aprovada na Chamada Interna n\u00ba 11\/2025 \u2013 PPG\/UEMA, vinculada ao Programa de Internacionaliza\u00e7\u00e3o da P\u00f3s-Gradua\u00e7\u00e3o.<\/p>\n<div id=\"attachment_2226\" style=\"width: 250px\" class=\"wp-caption alignright\"><a href=\"https:\/\/www.ppgbas.uema.br\/wp-content\/uploads\/2026\/02\/WhatsApp-Image-2026-02-24-at-10.44.59.jpeg\"><img loading=\"lazy\" decoding=\"async\" aria-describedby=\"caption-attachment-2226\" class=\"wp-image-2226 size-medium\" src=\"https:\/\/www.ppgbas.uema.br\/wp-content\/uploads\/2026\/02\/WhatsApp-Image-2026-02-24-at-10.44.59-240x300.jpeg\" alt=\"\" width=\"240\" height=\"300\" srcset=\"https:\/\/www.ppgbas.uema.br\/wp-content\/uploads\/2026\/02\/WhatsApp-Image-2026-02-24-at-10.44.59-240x300.jpeg 240w, https:\/\/www.ppgbas.uema.br\/wp-content\/uploads\/2026\/02\/WhatsApp-Image-2026-02-24-at-10.44.59-819x1024.jpeg 819w, https:\/\/www.ppgbas.uema.br\/wp-content\/uploads\/2026\/02\/WhatsApp-Image-2026-02-24-at-10.44.59-768x961.jpeg 768w, https:\/\/www.ppgbas.uema.br\/wp-content\/uploads\/2026\/02\/WhatsApp-Image-2026-02-24-at-10.44.59.jpeg 1080w\" sizes=\"auto, (max-width: 240px) 100vw, 240px\" \/><\/a><p id=\"caption-attachment-2226\" class=\"wp-caption-text\"><em>Mestranda: Ludmila Miranda Alencar<\/em><\/p><\/div>\n<p><!--more--><\/p>\n<p style=\"text-align: justify;\">A sele\u00e7\u00e3o integra as a\u00e7\u00f5es institucionais voltadas ao fortalecimento da coopera\u00e7\u00e3o cient\u00edfica internacional, promovidas pela Pr\u00f3-Reitoria de Pesquisa e P\u00f3s-Gradua\u00e7\u00e3o (PPG\/UEMA), em parceria com a Funda\u00e7\u00e3o de Amparo \u00e0 Pesquisa e ao Desenvolvimento Cient\u00edfico e Tecnol\u00f3gico do Maranh\u00e3o (FAPEMA). A iniciativa tem como objetivo ampliar a inser\u00e7\u00e3o internacional dos programas de p\u00f3s-gradua\u00e7\u00e3o, fomentando interc\u00e2mbios acad\u00eamicos e o desenvolvimento de pesquisas em colabora\u00e7\u00e3o com institui\u00e7\u00f5es estrangeiras.<\/p>\n<p>&nbsp;<\/p>\n<p><a href=\"https:\/\/www.ppgbas.uema.br\/wp-content\/uploads\/2026\/02\/WhatsApp-Image-2026-02-20-at-15.11.27-1.jpeg\"><img loading=\"lazy\" decoding=\"async\" class=\"alignnone wp-image-2227\" src=\"https:\/\/www.ppgbas.uema.br\/wp-content\/uploads\/2026\/02\/WhatsApp-Image-2026-02-20-at-15.11.27-1-300x183.jpeg\" alt=\"\" width=\"421\" height=\"257\" srcset=\"https:\/\/www.ppgbas.uema.br\/wp-content\/uploads\/2026\/02\/WhatsApp-Image-2026-02-20-at-15.11.27-1-300x183.jpeg 300w, https:\/\/www.ppgbas.uema.br\/wp-content\/uploads\/2026\/02\/WhatsApp-Image-2026-02-20-at-15.11.27-1.jpeg 739w\" sizes=\"auto, (max-width: 421px) 100vw, 421px\" \/><\/a><\/p>\n<p>&nbsp;<\/p>\n<p style=\"text-align: justify;\">A discente foi contemplada na modalidade Sandu\u00edche no Exterior \u2013 Am\u00e9rica do Sul (Mestrado), oportunidade que possibilita a realiza\u00e7\u00e3o de atividades acad\u00eamicas e cient\u00edficas em institui\u00e7\u00e3o internacional, fortalecendo a forma\u00e7\u00e3o acad\u00eamica, a produ\u00e7\u00e3o cient\u00edfica e o interc\u00e2mbio de conhecimentos.<\/p>\n<p style=\"text-align: justify;\">A conquista refor\u00e7a o compromisso do PPGBAS com a excel\u00eancia na forma\u00e7\u00e3o de mestres e pesquisadores qualificados para atuar nas interfaces entre biodiversidade, ambiente e sa\u00fade, para a coordena\u00e7\u00e3o do programa, a aprova\u00e7\u00e3o representa n\u00e3o apenas um reconhecimento individual, mas tamb\u00e9m o resultado do trabalho coletivo de docentes, discentes e da gest\u00e3o institucional, que v\u00eam consolidando o PPGBAS como refer\u00eancia na produ\u00e7\u00e3o cient\u00edfica e na internacionaliza\u00e7\u00e3o da p\u00f3s-gradua\u00e7\u00e3o<\/p>\n<p>&nbsp;<\/p>\n<p><strong>Texto por: <em>Ana keyla \/ Estagi\u00e1ria PPGBAS-UEMA<\/em><\/strong><\/p>\n","protected":false},"excerpt":{"rendered":"<p>&nbsp; O Programa de P\u00f3s-Gradua\u00e7\u00e3o em Biodiversidade, Ambiente e Sa\u00fade (PPGBAS) celebra [&hellip;]<\/p>\n","protected":false},"author":2,"featured_media":2226,"comment_status":"open","ping_status":"open","sticky":false,"template":"","format":"standard","meta":{"footnotes":""},"categories":[3],"tags":[],"class_list":["post-2225","post","type-post","status-publish","format-standard","has-post-thumbnail","hentry","category-noticias"],"_links":{"self":[{"href":"https:\/\/www.ppgbas.uema.br\/index.php?rest_route=\/wp\/v2\/posts\/2225","targetHints":{"allow":["GET"]}}],"collection":[{"href":"https:\/\/www.ppgbas.uema.br\/index.php?rest_route=\/wp\/v2\/posts"}],"about":[{"href":"https:\/\/www.ppgbas.uema.br\/index.php?rest_route=\/wp\/v2\/types\/post"}],"author":[{"embeddable":true,"href":"https:\/\/www.ppgbas.uema.br\/index.php?rest_route=\/wp\/v2\/users\/2"}],"replies":[{"embeddable":true,"href":"https:\/\/www.ppgbas.uema.br\/index.php?rest_route=%2Fwp%2Fv2%2Fcomments&post=2225"}],"version-history":[{"count":2,"href":"https:\/\/www.ppgbas.uema.br\/index.php?rest_route=\/wp\/v2\/posts\/2225\/revisions"}],"predecessor-version":[{"id":2308,"href":"https:\/\/www.ppgbas.uema.br\/index.php?rest_route=\/wp\/v2\/posts\/2225\/revisions\/2308"}],"wp:featuredmedia":[{"embeddable":true,"href":"https:\/\/www.ppgbas.uema.br\/index.php?rest_route=\/wp\/v2\/media\/2226"}],"wp:attachment":[{"href":"https:\/\/www.ppgbas.uema.br\/index.php?rest_route=%2Fwp%2Fv2%2Fmedia&parent=2225"}],"wp:term":[{"taxonomy":"category","embeddable":true,"href":"https:\/\/www.ppgbas.uema.br\/index.php?rest_route=%2Fwp%2Fv2%2Fcategories&post=2225"},{"taxonomy":"post_tag","embeddable":true,"href":"https:\/\/www.ppgbas.uema.br\/index.php?rest_route=%2Fwp%2Fv2%2Ftags&post=2225"}],"curies":[{"name":"wp","href":"https:\/\/api.w.org\/{rel}","templated":true}]}}