{"id":2103,"date":"2025-09-15T14:11:43","date_gmt":"2025-09-15T14:11:43","guid":{"rendered":"https:\/\/www.ppgbas.uema.br\/?p=2103"},"modified":"2025-09-15T14:12:41","modified_gmt":"2025-09-15T14:12:41","slug":"ppgbas-realiza-aula-inaugural-do-doutorado-em-biodiversidade-ambiente-e-saude-no-campus-caxias","status":"publish","type":"post","link":"https:\/\/www.ppgbas.uema.br\/?p=2103","title":{"rendered":"PPGBAS realiza aula inaugural do Doutorado em Biodiversidade, Ambiente e Sa\u00fade no Campus Caxias"},"content":{"rendered":"<p style=\"text-align: justify;\"><a href=\"https:\/\/www.ppgbas.uema.br\/wp-content\/uploads\/2025\/09\/WhatsApp-Image-2025-09-15-at-10.17.32-3.jpeg\"><img loading=\"lazy\" decoding=\"async\" class=\"alignnone wp-image-2081\" src=\"https:\/\/www.ppgbas.uema.br\/wp-content\/uploads\/2025\/09\/WhatsApp-Image-2025-09-15-at-10.17.32-3-300x200.jpeg\" alt=\"\" width=\"859\" height=\"572\" srcset=\"https:\/\/www.ppgbas.uema.br\/wp-content\/uploads\/2025\/09\/WhatsApp-Image-2025-09-15-at-10.17.32-3-300x200.jpeg 300w, https:\/\/www.ppgbas.uema.br\/wp-content\/uploads\/2025\/09\/WhatsApp-Image-2025-09-15-at-10.17.32-3-1024x683.jpeg 1024w, https:\/\/www.ppgbas.uema.br\/wp-content\/uploads\/2025\/09\/WhatsApp-Image-2025-09-15-at-10.17.32-3-768x512.jpeg 768w, https:\/\/www.ppgbas.uema.br\/wp-content\/uploads\/2025\/09\/WhatsApp-Image-2025-09-15-at-10.17.32-3-1536x1024.jpeg 1536w, https:\/\/www.ppgbas.uema.br\/wp-content\/uploads\/2025\/09\/WhatsApp-Image-2025-09-15-at-10.17.32-3.jpeg 1599w\" sizes=\"auto, (max-width: 859px) 100vw, 859px\" \/><\/a><\/p>\n<p style=\"text-align: justify;\"><em data-ogsc=\"\">Primeira turma conta com seis doutorandos e representa marco na interioriza\u00e7\u00e3o da pesquisa e forma\u00e7\u00e3o cient\u00edfica no Maranh\u00e3o<\/em><\/p>\n<p style=\"text-align: justify;\"><strong>Instagram<\/strong>: <a href=\"https:\/\/www.instagram.com\/ppgbas_uema\/?hl=pt_BR\"><em><strong>@ppgbas_uema<\/strong><\/em><\/a><\/p>\n<p style=\"text-align: justify;\">Na manh\u00e3 de segunda-feira (18), o Programa de P\u00f3s-Gradua\u00e7\u00e3o em Biodiversidade, Ambiente e Sa\u00fade (PPGBAS) da Universidade Estadual do Maranh\u00e3o (Uema) promoveu, no Audit\u00f3rio Le\u00f4ncio Magno, Campus Caxias, a aula inaugural da turma pioneira do seu Doutorado. O evento reuniu gestores, docentes, discentes e representantes institucionais, marcando o in\u00edcio de um novo ciclo de forma\u00e7\u00e3o stricto sensu no interior do Maranh\u00e3o.<\/p>\n<p><a href=\"https:\/\/www.ppgbas.uema.br\/wp-content\/uploads\/2025\/09\/WhatsApp-Image-2025-09-15-at-10.31.29.jpeg\"><img loading=\"lazy\" decoding=\"async\" class=\"alignnone wp-image-2087\" src=\"https:\/\/www.ppgbas.uema.br\/wp-content\/uploads\/2025\/09\/WhatsApp-Image-2025-09-15-at-10.31.29-300x200.jpeg\" alt=\"\" width=\"703\" height=\"467\" \/><\/a><\/p>\n<p style=\"text-align: justify;\">A solenidade foi aberta pela coordenadora do programa, Profa. Dra. Maria Edileuza Soares Moura, que enfatizou a import\u00e2ncia da abordagem interdisciplinar para o desenvolvimento da pesquisa cient\u00edfica. Segundo ela, o doutorado nasce com o objetivo de articular conhecimentos e enfrentar desafios complexos da sociedade.<\/p>\n<p style=\"text-align: justify;\">A diretora do Campus Caxias, Profa. Dra. Val\u00e9ria Cristina Soares Pinheiro, classificou o feito como a realiza\u00e7\u00e3o de um sonho coletivo: \u201cAntes, sem cursos de p\u00f3s-gradua\u00e7\u00e3o aqui, muitos precisavam se deslocar para outras cidades para continuar os estudos. Hoje celebramos esse avan\u00e7o, que tamb\u00e9m \u00e9 uma vit\u00f3ria para a pesquisa e para a comunidade acad\u00eamica local\u201d.<\/p>\n<p style=\"text-align: justify;\">O pr\u00f3-reitor de Pesquisa e P\u00f3s-Gradua\u00e7\u00e3o da Uema, Prof. Dr. Marcelo Cheche Galves, destacou que o curso integra o processo de amplia\u00e7\u00e3o da p\u00f3s-gradua\u00e7\u00e3o na universidade, que nos \u00faltimos tr\u00eas anos duplicou a quantidade de programas de doutorado: \u201cO PPGBAS representa esse movimento de fortalecimento e, principalmente, a interioriza\u00e7\u00e3o da p\u00f3s-gradua\u00e7\u00e3o no Maranh\u00e3o\u201d.<\/p>\n<p>&nbsp;<\/p>\n<p><a href=\"https:\/\/www.ppgbas.uema.br\/wp-content\/uploads\/2025\/09\/WhatsApp-Image-2025-09-15-at-10.17.31.jpeg\"><img loading=\"lazy\" decoding=\"async\" class=\"alignnone wp-image-2080\" src=\"https:\/\/www.ppgbas.uema.br\/wp-content\/uploads\/2025\/09\/WhatsApp-Image-2025-09-15-at-10.17.31-300x200.jpeg\" alt=\"\" width=\"700\" height=\"466\" srcset=\"https:\/\/www.ppgbas.uema.br\/wp-content\/uploads\/2025\/09\/WhatsApp-Image-2025-09-15-at-10.17.31-300x200.jpeg 300w, https:\/\/www.ppgbas.uema.br\/wp-content\/uploads\/2025\/09\/WhatsApp-Image-2025-09-15-at-10.17.31-1024x683.jpeg 1024w, https:\/\/www.ppgbas.uema.br\/wp-content\/uploads\/2025\/09\/WhatsApp-Image-2025-09-15-at-10.17.31-768x512.jpeg 768w, https:\/\/www.ppgbas.uema.br\/wp-content\/uploads\/2025\/09\/WhatsApp-Image-2025-09-15-at-10.17.31-1536x1024.jpeg 1536w, https:\/\/www.ppgbas.uema.br\/wp-content\/uploads\/2025\/09\/WhatsApp-Image-2025-09-15-at-10.17.31.jpeg 1599w\" sizes=\"auto, (max-width: 700px) 100vw, 700px\" \/><\/a><\/p>\n<p>Tamb\u00e9m presente \u00e0 cerim\u00f4nia, o presidente da Funda\u00e7\u00e3o de Amparo \u00e0 Pesquisa e ao Desenvolvimento Cient\u00edfico e Tecnol\u00f3gico do Maranh\u00e3o (Fapema), Prof. Dr. Nordman Wall, salientou a relev\u00e2ncia do marco: \u201c\u00c9 uma grande satisfa\u00e7\u00e3o participar deste momento hist\u00f3rico para o Maranh\u00e3o. Este Doutorado significa uma conquista n\u00e3o s\u00f3 para Caxias, mas para todo o Estado\u201d.<\/p>\n<p>&nbsp;<\/p>\n<p><a href=\"https:\/\/www.ppgbas.uema.br\/wp-content\/uploads\/2025\/09\/WhatsApp-Image-2025-09-15-at-10.17.32-4.jpeg\"><img loading=\"lazy\" decoding=\"async\" class=\"alignnone wp-image-2084\" src=\"https:\/\/www.ppgbas.uema.br\/wp-content\/uploads\/2025\/09\/WhatsApp-Image-2025-09-15-at-10.17.32-4-300x200.jpeg\" alt=\"\" width=\"702\" height=\"467\" srcset=\"https:\/\/www.ppgbas.uema.br\/wp-content\/uploads\/2025\/09\/WhatsApp-Image-2025-09-15-at-10.17.32-4-300x200.jpeg 300w, https:\/\/www.ppgbas.uema.br\/wp-content\/uploads\/2025\/09\/WhatsApp-Image-2025-09-15-at-10.17.32-4-1024x683.jpeg 1024w, https:\/\/www.ppgbas.uema.br\/wp-content\/uploads\/2025\/09\/WhatsApp-Image-2025-09-15-at-10.17.32-4-768x512.jpeg 768w, https:\/\/www.ppgbas.uema.br\/wp-content\/uploads\/2025\/09\/WhatsApp-Image-2025-09-15-at-10.17.32-4-1536x1024.jpeg 1536w, https:\/\/www.ppgbas.uema.br\/wp-content\/uploads\/2025\/09\/WhatsApp-Image-2025-09-15-at-10.17.32-4.jpeg 1599w\" sizes=\"auto, (max-width: 702px) 100vw, 702px\" \/><\/a><\/p>\n<p style=\"text-align: justify;\">O reitor da Uema, Prof. Dr. Walter Canales, tamb\u00e9m enalteceu a iniciativa: \u201cNossa p\u00f3s-gradua\u00e7\u00e3o nos orgulha. Hoje, o Campus Caxias tem papel fundamental nesse processo de interioriza\u00e7\u00e3o. Esse Doutorado demonstra que a diretriz da Uema n\u00e3o se limita \u00e0 gradua\u00e7\u00e3o\u201d.<\/p>\n<p style=\"text-align: justify;\">A programa\u00e7\u00e3o contou ainda com a palestra \u201cA import\u00e2ncia da pesquisa na forma\u00e7\u00e3o interdisciplinar\u201d, ministrada pelo Prof. Dr. Eduardo Winter, coordenador de avalia\u00e7\u00e3o da \u00e1rea interdisciplinar da CAPES. Em sua fala, ele destacou a relev\u00e2ncia regional da iniciativa: \u201cFormar doutores aqui significa fixar profissionais que contribuir\u00e3o diretamente para o crescimento da regi\u00e3o. A interdisciplinaridade \u00e9 essencial para atender \u00e0s demandas da sociedade e transformar realidades locais\u201d.<\/p>\n<p>&nbsp;<\/p>\n<p><a href=\"https:\/\/www.ppgbas.uema.br\/wp-content\/uploads\/2025\/09\/WhatsApp-Image-2025-09-15-at-10.17.32-2.jpeg\"><img loading=\"lazy\" decoding=\"async\" class=\"alignnone wp-image-2082\" src=\"https:\/\/www.ppgbas.uema.br\/wp-content\/uploads\/2025\/09\/WhatsApp-Image-2025-09-15-at-10.17.32-2-300x200.jpeg\" alt=\"\" width=\"708\" height=\"471\" srcset=\"https:\/\/www.ppgbas.uema.br\/wp-content\/uploads\/2025\/09\/WhatsApp-Image-2025-09-15-at-10.17.32-2-300x200.jpeg 300w, https:\/\/www.ppgbas.uema.br\/wp-content\/uploads\/2025\/09\/WhatsApp-Image-2025-09-15-at-10.17.32-2-1024x683.jpeg 1024w, https:\/\/www.ppgbas.uema.br\/wp-content\/uploads\/2025\/09\/WhatsApp-Image-2025-09-15-at-10.17.32-2-768x512.jpeg 768w, https:\/\/www.ppgbas.uema.br\/wp-content\/uploads\/2025\/09\/WhatsApp-Image-2025-09-15-at-10.17.32-2-1536x1024.jpeg 1536w, https:\/\/www.ppgbas.uema.br\/wp-content\/uploads\/2025\/09\/WhatsApp-Image-2025-09-15-at-10.17.32-2.jpeg 1599w\" sizes=\"auto, (max-width: 708px) 100vw, 708px\" \/><\/a><\/p>\n<p style=\"text-align: justify;\">Com a implanta\u00e7\u00e3o do Doutorado em Biodiversidade, Ambiente e Sa\u00fade, a Uema fortalece seu compromisso com a ci\u00eancia, a inova\u00e7\u00e3o e a forma\u00e7\u00e3o de pesquisadores capazes de enfrentar os grandes desafios contempor\u00e2neos, consolidando a interioriza\u00e7\u00e3o da p\u00f3s-gradua\u00e7\u00e3o stricto sensu no Maranh\u00e3o.<\/p>\n<p style=\"text-align: justify;\"><a href=\"https:\/\/www.ppgbas.uema.br\/wp-content\/uploads\/2025\/09\/WhatsApp-Image-2025-09-15-at-10.17.54.jpeg\"><img loading=\"lazy\" decoding=\"async\" class=\"wp-image-2086 aligncenter\" src=\"https:\/\/www.ppgbas.uema.br\/wp-content\/uploads\/2025\/09\/WhatsApp-Image-2025-09-15-at-10.17.54-300x200.jpeg\" alt=\"\" width=\"704\" height=\"469\" srcset=\"https:\/\/www.ppgbas.uema.br\/wp-content\/uploads\/2025\/09\/WhatsApp-Image-2025-09-15-at-10.17.54-300x200.jpeg 300w, https:\/\/www.ppgbas.uema.br\/wp-content\/uploads\/2025\/09\/WhatsApp-Image-2025-09-15-at-10.17.54-1024x683.jpeg 1024w, https:\/\/www.ppgbas.uema.br\/wp-content\/uploads\/2025\/09\/WhatsApp-Image-2025-09-15-at-10.17.54-768x512.jpeg 768w, https:\/\/www.ppgbas.uema.br\/wp-content\/uploads\/2025\/09\/WhatsApp-Image-2025-09-15-at-10.17.54-1536x1024.jpeg 1536w, https:\/\/www.ppgbas.uema.br\/wp-content\/uploads\/2025\/09\/WhatsApp-Image-2025-09-15-at-10.17.54.jpeg 1599w\" sizes=\"auto, (max-width: 704px) 100vw, 704px\" \/><\/a><\/p>\n","protected":false},"excerpt":{"rendered":"<p>Primeira turma conta com seis doutorandos e representa marco na interioriza\u00e7\u00e3o da [&hellip;]<\/p>\n","protected":false},"author":2,"featured_media":2081,"comment_status":"open","ping_status":"open","sticky":false,"template":"","format":"standard","meta":{"footnotes":""},"categories":[3],"tags":[],"class_list":["post-2103","post","type-post","status-publish","format-standard","has-post-thumbnail","hentry","category-noticias"],"_links":{"self":[{"href":"https:\/\/www.ppgbas.uema.br\/index.php?rest_route=\/wp\/v2\/posts\/2103","targetHints":{"allow":["GET"]}}],"collection":[{"href":"https:\/\/www.ppgbas.uema.br\/index.php?rest_route=\/wp\/v2\/posts"}],"about":[{"href":"https:\/\/www.ppgbas.uema.br\/index.php?rest_route=\/wp\/v2\/types\/post"}],"author":[{"embeddable":true,"href":"https:\/\/www.ppgbas.uema.br\/index.php?rest_route=\/wp\/v2\/users\/2"}],"replies":[{"embeddable":true,"href":"https:\/\/www.ppgbas.uema.br\/index.php?rest_route=%2Fwp%2Fv2%2Fcomments&post=2103"}],"version-history":[{"count":2,"href":"https:\/\/www.ppgbas.uema.br\/index.php?rest_route=\/wp\/v2\/posts\/2103\/revisions"}],"predecessor-version":[{"id":2105,"href":"https:\/\/www.ppgbas.uema.br\/index.php?rest_route=\/wp\/v2\/posts\/2103\/revisions\/2105"}],"wp:featuredmedia":[{"embeddable":true,"href":"https:\/\/www.ppgbas.uema.br\/index.php?rest_route=\/wp\/v2\/media\/2081"}],"wp:attachment":[{"href":"https:\/\/www.ppgbas.uema.br\/index.php?rest_route=%2Fwp%2Fv2%2Fmedia&parent=2103"}],"wp:term":[{"taxonomy":"category","embeddable":true,"href":"https:\/\/www.ppgbas.uema.br\/index.php?rest_route=%2Fwp%2Fv2%2Fcategories&post=2103"},{"taxonomy":"post_tag","embeddable":true,"href":"https:\/\/www.ppgbas.uema.br\/index.php?rest_route=%2Fwp%2Fv2%2Ftags&post=2103"}],"curies":[{"name":"wp","href":"https:\/\/api.w.org\/{rel}","templated":true}]}}