{"id":1273,"date":"2021-06-01T11:18:46","date_gmt":"2021-06-01T11:18:46","guid":{"rendered":"http:\/\/www.ppgbas.uema.br\/?p=1273"},"modified":"2024-04-26T19:20:08","modified_gmt":"2024-04-26T19:20:08","slug":"defesas-de-dissertacao","status":"publish","type":"post","link":"https:\/\/www.ppgbas.uema.br\/?p=1273","title":{"rendered":"Defesas de disserta\u00e7\u00e3o"},"content":{"rendered":"<p style=\"text-align: center;\"><strong>Defesas para o ano de 2021<\/strong><\/p>\n<table width=\"111%\">\n<tbody>\n<tr>\n<td width=\"15%\">DISCENTE<\/td>\n<td width=\"12%\">ORIENTADOR<\/td>\n<td width=\"28%\">TITULO<\/td>\n<td width=\"33%\">BANCA<\/td>\n<td width=\"10%\">DATA<\/td>\n<\/tr>\n<tr>\n<td width=\"15%\">Ana Alice T\u00f4rres de Sousa<\/td>\n<td width=\"12%\">Francisco Limeira de Oliveira<\/td>\n<td width=\"28%\">REVISION OF THE GENUS <em>Lopesiodinia<\/em> PRADO, 1973 (DIPTERA: ODINIIDAE) WITH DESCRIPTION OF THREE NEW SPECIES<\/td>\n<td width=\"33%\">Jos\u00e9 Albertino RafaelMaria Virginia Urso-Guimar\u00e3es<\/td>\n<td width=\"10%\">28\/05\/202110h00min<\/td>\n<\/tr>\n<tr>\n<td width=\"15%\">Felipe Santana e Silva,<\/td>\n<td width=\"12%\">Joseneide Teixeira C\u00e2mara<\/td>\n<td width=\"28%\">AVALIA\u00c7\u00c3O DA QUALIDADE DE VIDA DOS AGENTES PENITENCI\u00c1RIOSDO ESTADO DO MARANH\u00c3O<\/td>\n<td width=\"33%\">Danilo Carvalho OliveiraMaria Edileuza Soares Moura<\/td>\n<td width=\"10%\">02\/07\/2021 14h00min&nbsp;<\/td>\n<\/tr>\n<tr>\n<td width=\"15%\">Daiana Sousa da Silva Ara\u00fajo<\/td>\n<td width=\"12%\">Lucas Ramos Costa Lima<\/td>\n<td width=\"28%\">A PRESEN\u00c7A DE MACR\u00d3FITAS ALTERA A DIVERSIDADE BETA DAS ASSEMBLEIAS DE EPHEMEROPTERA, PLECOPTERA E TRICHOPTERA (EPT) DE RIACHOS DO CERRADO MARANHENSE<\/td>\n<td width=\"33%\">Rodrigo Ferreira de MoraisThiago Pereira Mendes<\/td>\n<td width=\"10%\">09\/07\/2021<\/p>\n<p>09h00min<\/td>\n<\/tr>\n<tr>\n<td width=\"15%\">Antonio Edmilson Camelo J\u00fanior<\/td>\n<td width=\"12%\">Edlley Max Pessoa da Silva<\/td>\n<td width=\"28%\">TAXONOMIA INTEGRATIVA APLICADA AO COMPLEXO <em>TRICHOCENTRUM CEPULA <\/em>(HOFFMANNS.) J.M.H. SHAW (ONCIDIINAE-ORCHIDACEAE)<\/td>\n<td width=\"33%\">Ana Kelly Koch Ara\u00fajo SilvaLucas Cardoso Marinho<\/p>\n<p>&nbsp;<\/td>\n<td width=\"10%\">09\/07\/202115h00min<\/td>\n<\/tr>\n<tr>\n<td width=\"15%\">Josemeire da Costa Ximenes<\/td>\n<td width=\"12%\">Joseneide Teixeira C\u00e2mara<\/td>\n<td width=\"28%\">AVALIA\u00c7\u00c3O DO PROGRAMA DE VIGIL\u00c2NCIA E CONTROLE DA LEISHMANIOSE VISCERAL NO MUN\u00cdCIPIO DE CAXIAS, MARANH\u00c3O<\/td>\n<td width=\"33%\">Patricia Maria Gomes de CarvalhoMaria Edileuza Soares Moura<\/td>\n<td width=\"10%\">09\/07\/2021 14h00min<\/td>\n<\/tr>\n<tr>\n<td width=\"15%\">Patricia dos Santos Sousa<\/td>\n<td width=\"12%\">Carlos Augusto Silva de Azev\u00eado<\/td>\n<td width=\"28%\">DESCOBRINDO A DIVERSIDADE DOS GIRINOS DA REGI\u00c3O MEIO-NORTE DO BRASIL: CARACTERIZA\u00c7\u00c3O MORFOL\u00d3GICA, IDENTIFICA\u00c7\u00c3O MOLECULAR E ASPECTOS ECOL\u00d3GICOS DOS MICROHABITATS<\/td>\n<td width=\"33%\">Denise de Cerqueira Rossa-FeresTam\u00ed Mott<\/td>\n<td width=\"10%\">23\/07\/202114h00min<\/td>\n<\/tr>\n<tr>\n<td width=\"15%\">Anny Karoline Rodrigues Batista<\/td>\n<td width=\"12%\">Francisco Laurindo da Silva<\/td>\n<td width=\"28%\">EFEITOS DOS EXTRATOS VEGETAIS BRUTOS E SUAS FRA\u00c7\u00d5ES SOBRE CEPAS BACTERIANAS DE IMPORT\u00c2NCIA CL\u00cdNICA<\/td>\n<td width=\"33%\">Raimundo Nonato Cardoso Miranda J\u00faniorEliana Camp\u00ealo Lago<\/td>\n<td width=\"10%\">23\/ 07\/ 202115h00min<\/td>\n<\/tr>\n<tr>\n<td width=\"15%\">KellyaneKaren Ferreira Aguiar Cesar<\/td>\n<td width=\"12%\">Francisco Laurindo da Silva<\/td>\n<td width=\"28%\">ATIVIDADE DE EXTRATOS VEGETAIS SOBRE CEPAS DE LEVEDURAS PERTENCENTES AO G\u00caNERO <em>Candida<\/em>.<\/td>\n<td width=\"33%\">Raimundo Nonato Cardoso Miranda J\u00faniorEliana Camp\u00ealo Lago<\/td>\n<td width=\"10%\">23\/07\/202115h00min<\/td>\n<\/tr>\n<tr>\n<td width=\"15%\">Aryel Morais de Queiroz<\/td>\n<td width=\"12%\">Maria Claudene Barros<\/td>\n<td width=\"28%\">\u201cSAPOS RHINELLA MARINA (AMPHIBIA: BUFONIDAE) DO MEIO-NORTEDO BRASIL: EXISTE EVID\u00caNCIA DE HIBRIDIZA\u00c7\u00c3O E INTROGRESS\u00c3O?\u201d<\/td>\n<td width=\"33%\">Fabricius M.C.B. DomingosRicardo Marques<\/td>\n<td width=\"10%\">26\/07\/202114h00min<\/td>\n<\/tr>\n<tr>\n<td width=\"15%\">S\u00e1rvia Rafaelly Nunes Santos<\/td>\n<td width=\"12%\">Val\u00e9ria Cristina Soares Pinheiro<\/td>\n<td width=\"28%\"><em>Bacillus thuringiensis<\/em>: Uma an\u00e1lise quantitativa da produ\u00e7\u00e3o cient\u00edfica e a influ\u00eancia dos fatores abi\u00f3ticos do solo na abund\u00e2ncia e toxicidade para larvas do <em>Aedes aegypti<\/em><\/td>\n<td width=\"33%\">Onilda Santos SilvaMelissa Oda-Souza<\/td>\n<td width=\"10%\">27\/07\/2021 15h00min<\/td>\n<\/tr>\n<tr>\n<td width=\"15%\">Reyllane Carvalho Silva<\/td>\n<td width=\"12%\">Val\u00e9ria Cristina Soares Pinheiro<\/td>\n<td width=\"28%\">Monitoramento faun\u00edstico e detec\u00e7\u00e3o de DNA de <em>Leishmania amazonensis <\/em>em flebotom\u00edneos de uma \u00e1rea end\u00eamica \u00e0 leishmaniose visceral e tegumentar da regi\u00e3o Nordeste do Brasil<\/td>\n<td width=\"33%\">Rosa Cristina Ribeiro da SilvaSilvia C\u00e1ssia Brand\u00e3o Justiniano<\/td>\n<td width=\"10%\">29\/07\/2021 15h00min<\/td>\n<\/tr>\n<tr>\n<td width=\"15%\">Luzianny Farias Rodrigues<\/td>\n<td width=\"12%\">Elmary da Costa Fraga<\/td>\n<td width=\"28%\">DIVERSIDADE GEN\u00c9TICA DO VETOR <em>Aedes aegypti <\/em>LINNAEUS, 1762 NO MEIO-NORTE DO BRASIL UTILIZANDO MARCADORES MICROSSAT\u00c9LITES\u201d<\/td>\n<td width=\"33%\">Lu\u00eds Fernando Carvalho CostaMaria Claudene Barros<\/td>\n<td width=\"10%\">29\/07\/2021 15h00min<\/td>\n<\/tr>\n<tr>\n<td width=\"15%\">Cleison Luis da Silva Costa<\/td>\n<td width=\"12%\">Maria Claudene Barros<\/td>\n<td width=\"28%\">DIVERSIDADE MOLECULAR DE MORCEGOS (CHIROPTERA; MAMMALIA) DO GENERO MYOTIS E NOVO REGISTRO DE EPITESICUS FURINALIS<\/td>\n<td width=\"33%\">P\u00e9ricles Sena do R\u00eago&nbsp;<\/td>\n<td width=\"10%\">30\/07\/202114h:00min<\/td>\n<\/tr>\n<tr>\n<td width=\"15%\">Adna Dallyla Torres Lopes<\/td>\n<td width=\"12%\">Hermeson Cassiano de Oliveira<\/td>\n<td width=\"28%\">Diversidade e Conserva\u00e7\u00e3o de Bri\u00f3fitas em \u00c1reas com Diferentes N\u00edveis de Degrada\u00e7\u00e3o na Regi\u00e3o Sul do Estado do Piau\u00ed, Brasi<\/td>\n<td width=\"33%\">. Luciana Carvalho dos Reis. Luciana Carvalho dos Reis<\/td>\n<td width=\"10%\">30\/07\/202109h00min<\/td>\n<\/tr>\n<tr>\n<td width=\"15%\">Carlos Evangelista<\/td>\n<td width=\"12%\"><\/td>\n<td width=\"28%\"><\/td>\n<td width=\"33%\"><\/td>\n<td width=\"10%\"><\/td>\n<\/tr>\n<tr>\n<td width=\"15%\">Rafael Carvalho de Maria<\/td>\n<td width=\"12%\">MARIA EDILEUZA SOARES MOURA<\/td>\n<td width=\"28%\">GEST\u00c3O DE RISCOS DOS EVENTOS ADVERSOS EM UMA MATERNIDADE<\/td>\n<td width=\"33%\">DANIELE VIEIRA DANTASELIANA CAMPELO LAGO<\/td>\n<td width=\"10%\">13 \/ 09 \/ 2021 14h30min<\/td>\n<\/tr>\n<tr>\n<td width=\"15%\">Ronison Ferreira Oliveira<\/td>\n<td width=\"12%\">Gon\u00e7alo Mendes da Concei\u00e7\u00e3o<\/td>\n<td width=\"28%\">\u201cAvan\u00e7os e Desafios na Riqueza e Distribui\u00e7\u00e3o da Brioflora Maranhense\u201d,<\/td>\n<td width=\"33%\">Dimas Marchi Do CarmoMaria Majaci Moura da Silva<\/td>\n<td width=\"10%\">18\/09\/ 2021. 09h00min<\/td>\n<\/tr>\n<tr>\n<td width=\"15%\">Beatriz Bacelar Barbosa<\/td>\n<td width=\"12%\">Fl\u00e1vio Kulaif Ubaid<\/td>\n<td width=\"28%\">\u201cEctoparasitas de aves em remanescentes florestais da Amaz\u00f4nia, Cerrado e Caatinga no Nordeste do Brasil\u201d,<\/td>\n<td width=\"33%\">Lucas Ramos Costa LimaLuiza Daiana Ara\u00fajo da Silva Formiga<\/td>\n<td width=\"10%\">29\/09\/2021 08h00min<\/td>\n<\/tr>\n<tr>\n<td width=\"15%\">Walisson Mickael Alves Rezende<\/td>\n<td width=\"12%\">Francisco Limeira de Oliveira<\/td>\n<td width=\"28%\">Descri\u00e7\u00e3o de duas esp\u00e9cies novas de Cyamops Melander, 1913 (Diptera, Periscelididae) para os dom\u00ednios Amaz\u00f4nia, Caatinga e Cerrado do Brasil\u201d<\/td>\n<td width=\"33%\">Rosaly Ale-RochJoseleide Teixeira C\u00e2mara-<\/td>\n<td width=\"10%\">29\/09\/202110h00min<\/td>\n<\/tr>\n<tr>\n<td width=\"15%\">Gustavo Helal Gonsioroski da Silva<\/td>\n<td width=\"12%\">Fl\u00e1vio Kulaif Ubaid<\/td>\n<td width=\"28%\">\u201cAvalia\u00e7\u00e3o do status de conserva\u00e7\u00e3o das aves do estado do Maranh\u00e3o<\/td>\n<td width=\"33%\">Gabriel Augusto LeitePablo Vieira Cerqueira<\/td>\n<td width=\"10%\">30\/09\/202108h00min<\/td>\n<\/tr>\n<tr>\n<td width=\"15%\"><\/td>\n<td width=\"12%\"><\/td>\n<td width=\"28%\"><\/td>\n<td width=\"33%\"><\/td>\n<td width=\"10%\"><\/td>\n<\/tr>\n<tr>\n<td width=\"15%\"><\/td>\n<td width=\"12%\"><\/td>\n<td width=\"28%\"><\/td>\n<td width=\"33%\"><\/td>\n<td width=\"10%\"><\/td>\n<\/tr>\n<\/tbody>\n<\/table>\n<p>&nbsp;<\/p>\n","protected":false},"excerpt":{"rendered":"<p>Defesas para o ano de 2021 DISCENTE ORIENTADOR TITULO BANCA DATA Ana [&hellip;]<\/p>\n","protected":false},"author":2,"featured_media":0,"comment_status":"open","ping_status":"open","sticky":false,"template":"","format":"standard","meta":{"footnotes":""},"categories":[3],"tags":[],"class_list":["post-1273","post","type-post","status-publish","format-standard","hentry","category-noticias"],"_links":{"self":[{"href":"https:\/\/www.ppgbas.uema.br\/index.php?rest_route=\/wp\/v2\/posts\/1273","targetHints":{"allow":["GET"]}}],"collection":[{"href":"https:\/\/www.ppgbas.uema.br\/index.php?rest_route=\/wp\/v2\/posts"}],"about":[{"href":"https:\/\/www.ppgbas.uema.br\/index.php?rest_route=\/wp\/v2\/types\/post"}],"author":[{"embeddable":true,"href":"https:\/\/www.ppgbas.uema.br\/index.php?rest_route=\/wp\/v2\/users\/2"}],"replies":[{"embeddable":true,"href":"https:\/\/www.ppgbas.uema.br\/index.php?rest_route=%2Fwp%2Fv2%2Fcomments&post=1273"}],"version-history":[{"count":7,"href":"https:\/\/www.ppgbas.uema.br\/index.php?rest_route=\/wp\/v2\/posts\/1273\/revisions"}],"predecessor-version":[{"id":1762,"href":"https:\/\/www.ppgbas.uema.br\/index.php?rest_route=\/wp\/v2\/posts\/1273\/revisions\/1762"}],"wp:attachment":[{"href":"https:\/\/www.ppgbas.uema.br\/index.php?rest_route=%2Fwp%2Fv2%2Fmedia&parent=1273"}],"wp:term":[{"taxonomy":"category","embeddable":true,"href":"https:\/\/www.ppgbas.uema.br\/index.php?rest_route=%2Fwp%2Fv2%2Fcategories&post=1273"},{"taxonomy":"post_tag","embeddable":true,"href":"https:\/\/www.ppgbas.uema.br\/index.php?rest_route=%2Fwp%2Fv2%2Ftags&post=1273"}],"curies":[{"name":"wp","href":"https:\/\/api.w.org\/{rel}","templated":true}]}}