{"id":1209,"date":"2020-12-16T14:09:11","date_gmt":"2020-12-16T14:09:11","guid":{"rendered":"http:\/\/www.ppgbas.uema.br\/?p=1209"},"modified":"2023-07-07T07:12:54","modified_gmt":"2023-07-07T07:12:54","slug":"defesa-de-qualificacao","status":"publish","type":"post","link":"https:\/\/www.ppgbas.uema.br\/?p=1209","title":{"rendered":"Defesa de Qualifica\u00e7\u00e3o"},"content":{"rendered":"<p style=\"text-align: center;\"><strong>Tabela de defesa de Qualifica\u00e7\u00f5es<\/strong><\/p>\n<p>&nbsp;<\/p>\n<p>&nbsp;<\/p>\n<table>\n<tbody>\n<tr>\n<td><strong>DISCENTE<\/strong><\/td>\n<td><strong>ORIENTADOR<\/strong><\/td>\n<td><strong>TITULO<\/strong><\/td>\n<td><strong>BANCA<\/strong><\/td>\n<td><strong>DATA<\/strong><\/td>\n<\/tr>\n<tr>\n<td>Aryel Moraes de Queiroz<\/td>\n<td>Profa. Dra. Maria Claudene Barros<\/td>\n<td>Sapos Rhinella Marina do Meio do Norte do Brasil: Existe evidencias de hibridiza\u00e7\u00e3o e introgress\u00e3o<\/td>\n<td>F\u00e1bio Barros BritoBreno Hamdan<\/td>\n<td>16\/12\/202014h<\/td>\n<\/tr>\n<tr>\n<td>Cleison Lu\u00eds da Silva Costa<\/td>\n<td>Profa. Dra. Maria Claudene Barros<\/td>\n<td>Sistem\u00e1tica filogen\u00e9tica de morcegos da fam\u00edlia vespertilionidae Gray, 1821 (Chiroptera, Mammalia)<\/td>\n<td>Elmary da Costa FragaBruno Augusto Torres Parahyba Campos<\/td>\n<td>17\/12\/202014h<\/td>\n<\/tr>\n<tr>\n<td>Cleilton Lima Franco<\/td>\n<td>Carlos Augusto Silva de Azevedo<\/td>\n<td>Diversidade e distribui\u00e7\u00e3o de gerromorpha (Insecta: Hemiptera: Heteroptera) no Cerrado Leste-Maranhense, Brasil<\/td>\n<td>Karina dias da SilvaErlane Jos\u00e9 Rodrigues da Cunha<\/td>\n<td>18\/12\/202009h<\/td>\n<\/tr>\n<tr>\n<td>Josemeire Da Costa Ximenes<\/td>\n<td>Profa. Dra. Joseneide Teixeira C\u00e2mara<\/td>\n<td>Avalia\u00e7\u00e3o do Programa de Vigil\u00e2ncia e Controle de Leshmaniose Visceral no Munic\u00edpio de Caxias, Maranh\u00e3o<\/td>\n<td>Patricia Maria Gomes de CarvalhoMaria Edileuza Soares Moura<\/td>\n<td>18\/12\/202014h<\/td>\n<\/tr>\n<tr>\n<td>Patricia dos Santos Sousa<\/td>\n<td>Prof. Dr. Carlos Augusto Silva de Azevedo<\/td>\n<td>Descobrindo a diversidade dos girinos da regi\u00e3o Meio-Norte do Brasil: Caracteriza\u00e7\u00e3o morfol\u00f3gica, identifica\u00e7\u00e3o molecular e aspectos ecol\u00f3gicos dos microhabitats<\/td>\n<td>Mirco Sol\u00e9Marcelo Felgueiras Napoli<\/td>\n<td>18\/12\/202014h<\/td>\n<\/tr>\n<tr>\n<td>\u00a0DAIANA SOUSA DA SILVA ARA\u00daJO<\/td>\n<td>Prof. Dr. Lucas Ramos Costa Lima<\/td>\n<td>\u00a0RELA\u00c7\u00c3O DA HETEROGENEIDADE DE HABITATS DE UM GRADIENTE AMBIENTAL SOBRE A COMUNIDADE DE INSETOS AQU\u00c1TICOS EM RIACHOS DO CERRADO MARANHENSE<\/td>\n<td>\u00a0Thiago Pereira MendesAnt\u00f4nia Suely Guimar\u00e3es e Silva<\/td>\n<td>18\/12\/202014h e 30min<\/td>\n<\/tr>\n<tr>\n<td>Antonio Edmilson Camelo Junior<\/td>\n<td>Prof. Dr. Edlley Max Pessoa<\/td>\n<td>TAXONOMIA INTEGRATIVA APLICADA AO COMPLEXO DE Trichocentrum cep<span style=\"font-size:0px; color:#ff0000;\">\ufeff<a href=\"https:\/\/www.jptengsu.cc\/\">\u65e5\u672c\u85e4\u7d20<\/a><br \/>\n<\/span>ula (Hoffmanns.) J.M.H. Shaw (ONCIDIINAE-ORCHIDACEAE)<\/td>\n<td>Ana Kelly Araujo KochLucas Cardoso Marinho<\/td>\n<td>21\/12\/202015h<\/td>\n<\/tr>\n<tr>\n<td>S\u00c1RVIA RAFAELLY NUNES SANTOS<\/td>\n<td>Val\u00e9ria Cristina Soares Pinheiro<\/td>\n<td>INFLU\u00caNCIA DOS FATORES ABI\u00d3TICOS NA OBTEN\u00c7\u00c3O DE\u00a0<em>Bacillus thuringiensis<\/em>\u00a0(Berliner, 1915) DOS SOLOS DOS BIOMAS DA CAATINGA E CERRADO.<\/td>\n<td>Ricardo Ant\u00f4nio PolanczykRosemary Aparecida Roque<\/td>\n<td>12\/01\/2021 Hor\u00e1rio: 09:00<\/td>\n<\/tr>\n<tr>\n<td>Reyllane Carvalho Silva<\/td>\n<td>Val\u00e9ria Cristina Soares Pinheiro<\/td>\n<td>\u00a0Monitoramento de infec\u00e7\u00e3o natural por\u00a0<em>Leishmania\u00a0<\/em>em flebotom\u00edneos e destribui\u00e7\u00e3o espacial da leishmaniose visceral canina no munic\u00edpio de Caxias, Maranh\u00e3o.<\/td>\n<td>\u00a0Silvia C\u00e1ssia Brand\u00e3o JustinianoAna Carolina Soares Dias<\/td>\n<td>14 \/01 \/2021 Hor\u00e1rio 10:00<\/td>\n<\/tr>\n<tr>\n<td>Adna Dallyla Torres Lopes<\/td>\n<td>\u00a0Hermeson Cassiano de Oliveira<\/td>\n<td>Diversidade e conserva\u00e7\u00e3o de bri\u00f3fitas em \u00c1reas com diferentes n\u00edveis de degrada\u00e7\u00e3o na regi\u00e3o Sul do Estado do Piau\u00ed, Brasil<\/td>\n<td>Gon\u00e7alo Mendes da Concei\u00e7\u00e3oRodrigo Ferreira de Morais<\/td>\n<td>25\/01\/2021 Hor\u00e1rio 09:00<\/td>\n<\/tr>\n<tr>\n<td>Luzianny Farias Rodrigues<\/td>\n<td>Elmary da Costa Fraga<\/td>\n<td>DIVERSIDADE GEN\u00c9TICA DO VETOR Aedes aegypti LINNAEUS, 1762 NO MEIO-NORTE DO BRASIL UTILIZANDO MARCADORES MICROSSAT\u00c9LITES<\/td>\n<td>Lu\u00eds Fernando Carvalho CostaMaria Claudene Barros<\/td>\n<td>03\/02\/2021Hor\u00e1rio 14:00<\/td>\n<\/tr>\n<tr>\n<td>Ana Alice T\u00f4rres de Sousa<\/td>\n<td>Francisco Limeira De Oliveira<\/td>\n<td>TAXONOMIA DE\u00a0<em>Lopesiodinia<\/em>\u00a0PRADO, 1973 (DIPTERA: ODINIIDAE) DA AMAZ\u00d4NIA BRASILEIRA<\/td>\n<td>Jos\u00e9 Albertino Rafael\u00a0 Carlos Jos\u00e9 Einicker Lamas<\/td>\n<td>12\/02\/2021Hor\u00e1rio 10:00<\/td>\n<\/tr>\n<tr>\n<td>Anny Karoline Rodrigues Batista<\/td>\n<td>Francisco Laurindo da Silva<\/td>\n<td>EFEITOS DE EXTRATOS VEGETAIS SOBRECEPAS BACTERIANAS DE IMPORT\u00c2NCIA CL\u00cdNICA<\/td>\n<td>Luciano da Silva LopesEliana Camp\u00ealo Lago<\/td>\n<td>16 \/ 02 \/ 2021 Hor\u00e1rio: 14:00h<\/td>\n<\/tr>\n<tr>\n<td>Kellyane Karen Ferreira Aguiar Cesar<\/td>\n<td>Francisco Laurindo da Silva<\/td>\n<td>Atividade de Extratos Vegetais Brutos Sobre Cepas de Leveduras Pertencentes ao G\u00eanero Candida.<\/td>\n<td>Luciano da Silva LopesEliana Camp\u00ealo Lago<\/td>\n<td>16 \/ 02 \/ 2021 Hor\u00e1rio: 15:00h<\/td>\n<\/tr>\n<tr>\n<td>Diana Mota Sousa<\/td>\n<td>Eliana Campelo Lago<\/td>\n<td>Avalia\u00e7\u00e3o da atividade antimicrobiana de extrato de Turnera Subullata SM em bact\u00e9rias de import\u00e2ncia clinica<\/td>\n<td>Francisco Laurindo da SilvaLuciano da Silva Lopes<\/td>\n<td>16 \/ 02 \/ 2021 Hor\u00e1rio: 16:00h<\/td>\n<\/tr>\n<tr>\n<td>Carlos Evangelista Pereira Lima<\/td>\n<td>Luiza Carla Barbosa Martins<\/td>\n<td>Diversidade taxon\u00f4mica e funcional de formigas em fragmento de Floresta Amaz\u00f4nica, Maranh\u00e3o, Brasil<\/td>\n<td>Pollyanna Pereira Santos<br \/>\nElmo Borges de Azevedo Koch<\/td>\n<td>17\/02\/2021 Hor\u00e1rio 09:30<\/td>\n<\/tr>\n<tr>\n<td>Walisson Mickael Alves Rezende<\/td>\n<td>\u00a0Francisco Limeira-de-Oliveira<\/td>\n<td>TAXONOMIA DE Cyamops MELANDER, 1903 (DIPTERA, PERISCELIDIDAE) DOS DOMINIOS AMAZ\u00d4NIA, A ATINGA E CERRADO DO BRASIL<\/td>\n<td>\u00a0Rosaly Ale-RochaJosenir Teixeira C\u00e2mara<\/td>\n<td>22\/02\/2021Hor\u00e1rio 10:00<\/td>\n<\/tr>\n<tr>\n<td>Rafael Carvalho de Maria<\/td>\n<td>Maria Edileuza Soares Moura<\/td>\n<td>Gest\u00e3o de Riscos dos Eventos Adversos em hospitais P\u00fablicos: uma pesquisa\u00e7\u00e3o<\/td>\n<td>Daniel Vieira DantasEliana Campelo Lago<\/td>\n<td>23\/02\/2021Hor\u00e1rio 15:00<\/td>\n<\/tr>\n<tr>\n<td>Ronison Ferreira Oliveira<\/td>\n<td>Gon\u00e7alo Mendes da Concei\u00e7\u00e3o<\/td>\n<td>Amplia\u00e7\u00e3o do Conhecimento das Bri\u00f3fitas do Estado do Maranh\u00e3o, Brasil<\/td>\n<td>Dimas Marchi Do CarmoMaria Majaci Moura da Silva<\/td>\n<td>25 \/ 02 \/ 2021 Hor\u00e1rio 09:00<\/td>\n<\/tr>\n<tr>\n<td>Jailson da Costa Gaspar<\/td>\n<td>Gon\u00e7alo Mendes da Concei\u00e7\u00e3o<\/td>\n<td>Flor\u00edstica: Uma ferramenta para o uso sustent\u00e1vel e conserva\u00e7\u00e3o dos Morros Garapenses, Maranh\u00e3o, Brasil<\/td>\n<td>Rubens Teixeira de QueirozMaria Majaci Moura da Silva<\/td>\n<td>26 \/ 02 \/ 2021 Hor\u00e1rio 09:00<\/td>\n<\/tr>\n<tr>\n<td>Gustavo Helal Gonsiororski da Silva<\/td>\n<td>Fl\u00e1vio Kulaif Ubaid<\/td>\n<td>Checklist das aves do estado do Maranh\u00e3o, Brasil<\/td>\n<td>Gabriela Silva Ribeiro Gon\u00e7alvesThiago Vernaschi Vieira da Costa<\/td>\n<td>26\/02\/2021 Hor\u00e1rio: 09:30h<\/td>\n<\/tr>\n<tr>\n<td>Beatriz Bacelar Barbosa<\/td>\n<td>Fl\u00e1vio Kulaif Ubaid<\/td>\n<td>\u00c1caros plum\u00edcolas (Acari, Astigmata) associados a aves florestais da Amaz\u00f4nia, Cerrado e Caatinga.<\/td>\n<td>F\u00e1bio Akashi HernandesLucas Ramos Costa Lima<\/td>\n<td>26\/02\/2021 Hor\u00e1rio: 14:30h<\/td>\n<\/tr>\n<\/tbody>\n<\/table>\n","protected":false},"excerpt":{"rendered":"<p>Tabela de defesa de Qualifica\u00e7\u00f5es &nbsp; &nbsp; DISCENTE ORIENTADOR TITULO BANCA DATA [&hellip;]<\/p>\n","protected":false},"author":2,"featured_media":0,"comment_status":"open","ping_status":"open","sticky":false,"template":"","format":"standard","meta":{"footnotes":""},"categories":[3],"tags":[],"class_list":["post-1209","post","type-post","status-publish","format-standard","hentry","category-noticias"],"_links":{"self":[{"href":"https:\/\/www.ppgbas.uema.br\/index.php?rest_route=\/wp\/v2\/posts\/1209","targetHints":{"allow":["GET"]}}],"collection":[{"href":"https:\/\/www.ppgbas.uema.br\/index.php?rest_route=\/wp\/v2\/posts"}],"about":[{"href":"https:\/\/www.ppgbas.uema.br\/index.php?rest_route=\/wp\/v2\/types\/post"}],"author":[{"embeddable":true,"href":"https:\/\/www.ppgbas.uema.br\/index.php?rest_route=\/wp\/v2\/users\/2"}],"replies":[{"embeddable":true,"href":"https:\/\/www.ppgbas.uema.br\/index.php?rest_route=%2Fwp%2Fv2%2Fcomments&post=1209"}],"version-history":[{"count":18,"href":"https:\/\/www.ppgbas.uema.br\/index.php?rest_route=\/wp\/v2\/posts\/1209\/revisions"}],"predecessor-version":[{"id":1585,"href":"https:\/\/www.ppgbas.uema.br\/index.php?rest_route=\/wp\/v2\/posts\/1209\/revisions\/1585"}],"wp:attachment":[{"href":"https:\/\/www.ppgbas.uema.br\/index.php?rest_route=%2Fwp%2Fv2%2Fmedia&parent=1209"}],"wp:term":[{"taxonomy":"category","embeddable":true,"href":"https:\/\/www.ppgbas.uema.br\/index.php?rest_route=%2Fwp%2Fv2%2Fcategories&post=1209"},{"taxonomy":"post_tag","embeddable":true,"href":"https:\/\/www.ppgbas.uema.br\/index.php?rest_route=%2Fwp%2Fv2%2Ftags&post=1209"}],"curies":[{"name":"wp","href":"https:\/\/api.w.org\/{rel}","templated":true}]}}